{"id":7247,"date":"2025-07-15T11:09:35","date_gmt":"2025-07-15T11:09:35","guid":{"rendered":"https:\/\/antecamara-galeria.pt\/james-webb\/"},"modified":"2025-07-15T11:12:01","modified_gmt":"2025-07-15T11:12:01","slug":"james-webb","status":"publish","type":"post","link":"https:\/\/antecamara-galeria.pt\/en\/james-webb\/","title":{"rendered":"James Webb"},"content":{"rendered":"<div class=\"wpb-content-wrapper\"><div class=\"templatera_shortcode\"><style type=\"text\/css\" data-type=\"vc_shortcodes-custom-css\">.vc_custom_1737658708821{border-color: #000000 !important;}.vc_custom_1738173017427{padding-bottom: 60px !important;}.vc_custom_1737971079807{margin-left: -30px !important;padding-top: 80px !important;padding-bottom: 20px !important;}.vc_custom_1737650951173{border-top-width: 3px !important;border-top-style: solid !important;border-color: #000000 !important;}<\/style><div      class=\"vc_row wpb_row section vc_row-fluid  h1_titulo_container vc_custom_1737658708821\" style=' text-align:left;'><div class=\" full_section_inner clearfix\"><div class=\"wpb_column vc_column_container vc_col-sm-12\"><div class=\"vc_column-inner\"><div class=\"wpb_wrapper\">\n\t<div class=\"wpb_text_column wpb_content_element \">\n\t\t<div class=\"wpb_wrapper\">\n\t\t\t<h1 style=\"text-align: right;\">James Webb<\/h1>\n\n\t\t<\/div> \n\t<\/div> <\/div><\/div><\/div><\/div><\/div><div      class=\"vc_row wpb_row section vc_row-fluid  ac_container_content\" style=' text-align:left;'><div class=\" full_section_inner clearfix\"><div class=\"ac_single_podcast_player wpb_column vc_column_container vc_col-sm-3\"><div class=\"vc_column-inner\"><div class=\"wpb_wrapper\">\n\t<div class=\"wpb_text_column wpb_content_element  podcast_post_image\">\n\t\t<div class=\"wpb_wrapper\">\n\t\t\t<img decoding=\"async\" src=\"https:\/\/antecamara-galeria.pt\/wp-content\/uploads\/2025\/07\/James-Webb_photo-by-Adrienne-van-Eeden-Wharton-scaled.jpg\" alt=\"James Webb\" class=\"post-featured-image\">\n\n\t\t<\/div> \n\t<\/div> <\/div><\/div><\/div><div class=\"ac_single_podcast_info wpb_column vc_column_container vc_col-sm-9\"><div class=\"vc_column-inner\"><div class=\"wpb_wrapper\"><div class=\"vc_acf ac_single_podcast_texto vc_txt_align_left field_67925497b62ce\"><p>James Webb (South Africa, 1975; lives in Sweden) is an artist known for his site-specific interventions and installations. His practice often involves sound, found objects, and text, invoking references to literature, cinema, and the conceptualist traditions. By shifting objects, techniques, and forms beyond their original contexts and introducing them to different environments, Webb creates new spaces of tension. These spaces bind Webb\u2019s academic background in religion, theatre, and advertising, offering poetic inquiries into the economies of belief and dynamics of communication in our contemporary world.<\/p>\n<p>As Brandon LaBelle writes, \u201cThe works of James Webb circulate around a complex mixture of emotional and affective states; of longing and despair, of the ecstatic and of hopefulness, states of bodies and minds that move throughout his practice to raise questions of individuality and community, belonging and displacement, fragmentation and recuperation.\u201d (Xenagogue, edited by Anthea Buys, published by HKS, 2015.)<\/p>\n<p>Webb has had solo exhibitions at, amongst others, the Art Institute of Chicago, USA, 2018; SPACES, Cleveland, USA, 2018; Norrt\u00e4lje Konsthall, Norrt\u00e4lje, Sweden, 2018; Galerie Imane Far\u00e8s, Paris, France, 2016 and 2019; Yorkshire Sculpture Park, Wakefield, United Kingdom, 2016; Hordaland Kunstsenter, Bergen, Norway, 2015; blank projects, Cape Town, South Africa, 2014, 2016, and 2020; CentroCentro, Madrid, Spain, 2013; Johannesburg Art Gallery, Johannesburg, South Africa, 2012; and mac, Birmingham, United Kingdom, 2010.<\/p>\n<p>Major group exhibitions include 3rd Monheim Triennale (2023), 1st Islamic Arts Biennale (2023), 14th MONA FOMA, Tasmania, (2023), the 8th and 16th Biennale d\u2019Art Contemporain de Lyon (2007 &amp; 2022), 13th Biennial of Dakar (2018), 4th Prospect Triennial of New Orleans (2017), Documenta 14 (2017), 13th Biennial of Sharjah (2017), 12th Bienal de la Habana (2015), and the 55th Biennale di Venezia (2013). Other notable group shows include those at spaces such as Wan\u00e5s Konst and Historiska, Sweden; MAXXI Roma, Italy; Darat al Funun, Jordan; Th\u00e9\u00e2tre Graslin, France; and the Tate Modern, London.<\/p>\n<p>Webb\u2019s work has been acquired for numerous public and private collections, and his projects have been the subject of the two monographs, \u201c. . .\u201d (blank projects, 2020), and \u201cXenagogue\u201d (Hordaland Kunstsenter, 2015). Born 1975, Kimberley, South Africa.<\/p>\n<p>Lives and works in Stockholm, Sweden. James Webb is represented by blank projects, Cape Town, and Galerie Imane Far\u00e8s, Paris.<\/p>\n<p>&nbsp;<\/p>\n<p><strong>Selected links <\/strong><\/p>\n<p>Website: <a href=\"http:\/\/www.theotherjameswebb.com\" target=\"_blank\" rel=\"noopener\">www.theotherjameswebb.com<\/a><br \/>\nInstagram: <a href=\"https:\/\/www.instagram.com\/theotherjameswebb\" target=\"_blank\" rel=\"noopener\">https:\/\/www.instagram.com\/theotherjameswebb<\/a><br \/>\nSoundCloud: <a href=\"http:\/\/soundcloud.com\/theotherjameswebb\" target=\"_blank\" rel=\"noopener\">http:\/\/soundcloud.com\/theotherjameswebb<\/a><br \/>\nVimeo: <a href=\"http:\/\/vimeo.com\/theotherjameswebb\" target=\"_blank\" rel=\"noopener\">http:\/\/vimeo.com\/theotherjameswebb<\/a><br \/>\nDownload link for monographs: <a href=\"https:\/\/we.tl\/t-d3PjMV0oLS\" target=\"_blank\" rel=\"noopener\">https:\/\/we.tl\/t-d3PjMV0oLS<\/a><\/p>\n<p><strong>Gallery representation <\/strong><\/p>\n<p>blank projects, Cape Town <a href=\"https:\/\/blankprojects.com\/James-Webb\" target=\"_blank\" rel=\"noopener\">https:\/\/blankprojects.com\/James-Webb<\/a><br \/>\nGalerie Imane Far\u00e8s, Paris <a href=\"https:\/\/imanefares.com\/artistes\/james-webb\/\" target=\"_blank\" rel=\"noopener\">https:\/\/imanefares.com\/artistes\/james-webb\/<\/a><\/p>\n<p>&nbsp;<\/p>\n<p><strong>Studio contact <\/strong><\/p>\n<p>James Webb<br \/>\nSj\u00f6bj\u00f6rnsv\u00e4gen 24<br \/>\n117 67 Stockholm Sweden<br \/>\nemail: <a href=\"mailto:theotherjameswebb@gmail.com\">theotherjameswebb@gmail.com<\/a><br \/>\ntelephone: +46 (0)738942881<\/p>\n<\/div><\/div><\/div><\/div><\/div><\/div><div      class=\"vc_row wpb_row section vc_row-fluid  ac_titulo_do_mesmo_programa vc_custom_1738173017427\" style=' text-align:left;'><div class=\" full_section_inner clearfix\"><div class=\"wpb_column vc_column_container vc_col-sm-12\"><div class=\"vc_column-inner\"><div class=\"wpb_wrapper\"><div      class=\"vc_row wpb_row section vc_row-fluid vc_inner \" style=' text-align:left;'><div class=\" full_section_inner clearfix\"><div class=\"wpb_column vc_column_container vc_col-sm-12\"><div class=\"vc_column-inner\"><div class=\"wpb_wrapper\">\n\t<div class=\"wpb_text_column wpb_content_element  ac_custom_grid_titulo vc_custom_1737971079807\">\n\t\t<div class=\"wpb_wrapper\">\n\t\t\t<h3>Exibitions by this Artist<\/h3>\n\n\t\t<\/div> \n\t<\/div> \n\t<div class=\"wpb_text_column wpb_content_element  ac_grid_loja vc_custom_1737650951173\">\n\t\t<div class=\"wpb_wrapper\">\n\t\t\t<div id=\"ac_custom_expo_grid\"><\/div><button id=\"load-more-expo\" data-page=\"1\">+<\/button>\n\n\t\t<\/div> \n\t<\/div> <\/div><\/div><\/div><\/div><\/div><\/div><\/div><\/div><\/div><\/div><\/div>\n<\/div>","protected":false},"excerpt":{"rendered":"James Webb James Webb (South Africa, 1975; lives in Sweden) is an artist known for his site-specific interventions and installations. His practice often involves sound, found objects, and text, invoking references to literature, cinema, and the conceptualist traditions. By shifting objects, techniques, and forms beyond...","protected":false},"author":2,"featured_media":7244,"comment_status":"closed","ping_status":"closed","sticky":false,"template":"","format":"standard","meta":{"_acf_changed":false,"inline_featured_image":false,"footnotes":""},"categories":[160],"tags":[],"class_list":["post-7247","post","type-post","status-publish","format-standard","has-post-thumbnail","hentry","category-pagina-de-artista-en","artistas-expostos-james-webb"],"acf":[],"_links":{"self":[{"href":"https:\/\/antecamara-galeria.pt\/en\/wp-json\/wp\/v2\/posts\/7247","targetHints":{"allow":["GET"]}}],"collection":[{"href":"https:\/\/antecamara-galeria.pt\/en\/wp-json\/wp\/v2\/posts"}],"about":[{"href":"https:\/\/antecamara-galeria.pt\/en\/wp-json\/wp\/v2\/types\/post"}],"author":[{"embeddable":true,"href":"https:\/\/antecamara-galeria.pt\/en\/wp-json\/wp\/v2\/users\/2"}],"replies":[{"embeddable":true,"href":"https:\/\/antecamara-galeria.pt\/en\/wp-json\/wp\/v2\/comments?post=7247"}],"version-history":[{"count":1,"href":"https:\/\/antecamara-galeria.pt\/en\/wp-json\/wp\/v2\/posts\/7247\/revisions"}],"predecessor-version":[{"id":7248,"href":"https:\/\/antecamara-galeria.pt\/en\/wp-json\/wp\/v2\/posts\/7247\/revisions\/7248"}],"wp:featuredmedia":[{"embeddable":true,"href":"https:\/\/antecamara-galeria.pt\/en\/wp-json\/wp\/v2\/media\/7244"}],"wp:attachment":[{"href":"https:\/\/antecamara-galeria.pt\/en\/wp-json\/wp\/v2\/media?parent=7247"}],"wp:term":[{"taxonomy":"category","embeddable":true,"href":"https:\/\/antecamara-galeria.pt\/en\/wp-json\/wp\/v2\/categories?post=7247"},{"taxonomy":"post_tag","embeddable":true,"href":"https:\/\/antecamara-galeria.pt\/en\/wp-json\/wp\/v2\/tags?post=7247"}],"curies":[{"name":"wp","href":"https:\/\/api.w.org\/{rel}","templated":true}]}}