{"id":6541,"date":"2025-04-21T14:09:58","date_gmt":"2025-04-21T14:09:58","guid":{"rendered":"https:\/\/antecamara-galeria.pt\/antonio-jorge-goncalves\/"},"modified":"2025-04-21T14:10:27","modified_gmt":"2025-04-21T14:10:27","slug":"antonio-jorge-goncalves","status":"publish","type":"post","link":"https:\/\/antecamara-galeria.pt\/en\/antonio-jorge-goncalves\/","title":{"rendered":"Ant\u00f3nio Jorge Gon\u00e7alves"},"content":{"rendered":"<div class=\"wpb-content-wrapper\"><div class=\"templatera_shortcode\"><style type=\"text\/css\" data-type=\"vc_shortcodes-custom-css\">.vc_custom_1737717005730{border-color: #000000 !important;}.vc_custom_1738173041801{padding-bottom: 60px !important;}.vc_custom_1737715143263{margin-left: -30px !important;padding-top: 80px !important;padding-bottom: 20px !important;}.vc_custom_1737474738892{border-top-width: 3px !important;border-top-style: solid !important;border-color: #000000 !important;}<\/style><div      class=\"vc_row wpb_row section vc_row-fluid  h1_titulo_container vc_custom_1737717005730\" style=' text-align:left;'><div class=\" full_section_inner clearfix\"><div class=\"wpb_column vc_column_container vc_col-sm-12\"><div class=\"vc_column-inner\"><div class=\"wpb_wrapper\">\n\t<div class=\"wpb_text_column wpb_content_element \">\n\t\t<div class=\"wpb_wrapper\">\n\t\t\t<h1 style=\"text-align: right;\">Ant\u00f3nio Jorge Gon\u00e7alves<\/h1>\n\n\t\t<\/div> \n\t<\/div> <\/div><\/div><\/div><\/div><\/div><div      class=\"vc_row wpb_row section vc_row-fluid  ac_container_content\" style=' text-align:left;'><div class=\" full_section_inner clearfix\"><div class=\"ac_single_podcast_player wpb_column vc_column_container vc_col-sm-3\"><div class=\"vc_column-inner\"><div class=\"wpb_wrapper\">\n\t<div class=\"wpb_text_column wpb_content_element  podcast_post_image\">\n\t\t<div class=\"wpb_wrapper\">\n\t\t\t<img decoding=\"async\" src=\"https:\/\/antecamara-galeria.pt\/wp-content\/uploads\/2025\/04\/antonio-jorge-goncalves.jpg\" alt=\"Ant\u00f3nio Jorge Gon\u00e7alves\" class=\"post-featured-image\">\n\n\t\t<\/div> \n\t<\/div> <\/div><\/div><\/div><div class=\"ac_single_podcast_info wpb_column vc_column_container vc_col-sm-9\"><div class=\"vc_column-inner\"><div class=\"wpb_wrapper\"><div class=\"vc_acf ac_single_podcast_texto vc_txt_align_left field_678b7658454bb\"><p>Ant\u00f3nio Jorge Gon\u00e7alves is a Portuguese illustrator, comic book author and visual performer. With a degree in Communication Design from ESBAL and a master&#8217;s degree in Design for Theater from the Slade School of Fine Art (London), he has developed a career that crosses visual arts, performance and illustration.<\/p>\n<p>He is the author of several award-winning graphic novels, including A Arte Suprema and Rei (with Rui Zink), and was awarded the National Illustration Prize in 2013 for his book Uma Escurid\u00e3o Bonita (with Ondjaki). She is also known for her international project Subway Life and her visual performances with live digital drawing. He teaches at the Faculty of Fine Arts of the University of Lisbon.<\/p>\n<\/div><\/div><\/div><\/div><\/div><\/div><div      class=\"vc_row wpb_row section vc_row-fluid  ac_titulo_do_mesmo_programa vc_custom_1738173041801\" style=' text-align:left;'><div class=\" full_section_inner clearfix\"><div class=\"wpb_column vc_column_container vc_col-sm-12\"><div class=\"vc_column-inner\"><div class=\"wpb_wrapper\"><div      class=\"vc_row wpb_row section vc_row-fluid vc_inner \" style=' text-align:left;'><div class=\" full_section_inner clearfix\"><div class=\"wpb_column vc_column_container vc_col-sm-12\"><div class=\"vc_column-inner\"><div class=\"wpb_wrapper\">\n\t<div class=\"wpb_text_column wpb_content_element  ac_custom_grid_titulo vc_custom_1737715143263\">\n\t\t<div class=\"wpb_wrapper\">\n\t\t\t<h3>From the Same Gest<\/h3>\n\n\t\t<\/div> \n\t<\/div> \n\t<div class=\"wpb_text_column wpb_content_element  vc_custom_1737474738892\">\n\t\t<div class=\"wpb_wrapper\">\n\t\t\t<div id=\"ac_custom_audio_grid\"><\/div><button id=\"load-more-audio\" data-page=\"1\">+<\/button>\n\n\t\t<\/div> \n\t<\/div> <\/div><\/div><\/div><\/div><\/div><\/div><\/div><\/div><\/div><\/div><\/div>\n<\/div>","protected":false},"excerpt":{"rendered":"Ant\u00f3nio Jorge Gon\u00e7alves Ant\u00f3nio Jorge Gon\u00e7alves is a Portuguese illustrator, comic book author and visual performer. With a degree in Communication Design from ESBAL and a master&#8217;s degree in Design for Theater from the Slade School of Fine Art (London), he has developed a career...","protected":false},"author":2,"featured_media":6526,"comment_status":"closed","ping_status":"closed","sticky":false,"template":"","format":"standard","meta":{"_acf_changed":false,"inline_featured_image":false,"footnotes":""},"categories":[158],"tags":[],"class_list":["post-6541","post","type-post","status-publish","format-standard","has-post-thumbnail","hentry","category-pagina-de-convidado-en","convidados-podcasts-antonio-goncalves"],"acf":[],"_links":{"self":[{"href":"https:\/\/antecamara-galeria.pt\/en\/wp-json\/wp\/v2\/posts\/6541","targetHints":{"allow":["GET"]}}],"collection":[{"href":"https:\/\/antecamara-galeria.pt\/en\/wp-json\/wp\/v2\/posts"}],"about":[{"href":"https:\/\/antecamara-galeria.pt\/en\/wp-json\/wp\/v2\/types\/post"}],"author":[{"embeddable":true,"href":"https:\/\/antecamara-galeria.pt\/en\/wp-json\/wp\/v2\/users\/2"}],"replies":[{"embeddable":true,"href":"https:\/\/antecamara-galeria.pt\/en\/wp-json\/wp\/v2\/comments?post=6541"}],"version-history":[{"count":1,"href":"https:\/\/antecamara-galeria.pt\/en\/wp-json\/wp\/v2\/posts\/6541\/revisions"}],"predecessor-version":[{"id":6542,"href":"https:\/\/antecamara-galeria.pt\/en\/wp-json\/wp\/v2\/posts\/6541\/revisions\/6542"}],"wp:featuredmedia":[{"embeddable":true,"href":"https:\/\/antecamara-galeria.pt\/en\/wp-json\/wp\/v2\/media\/6526"}],"wp:attachment":[{"href":"https:\/\/antecamara-galeria.pt\/en\/wp-json\/wp\/v2\/media?parent=6541"}],"wp:term":[{"taxonomy":"category","embeddable":true,"href":"https:\/\/antecamara-galeria.pt\/en\/wp-json\/wp\/v2\/categories?post=6541"},{"taxonomy":"post_tag","embeddable":true,"href":"https:\/\/antecamara-galeria.pt\/en\/wp-json\/wp\/v2\/tags?post=6541"}],"curies":[{"name":"wp","href":"https:\/\/api.w.org\/{rel}","templated":true}]}}