{"id":6341,"date":"2025-04-21T10:02:08","date_gmt":"2025-04-21T10:02:08","guid":{"rendered":"https:\/\/antecamara-galeria.pt\/depa\/"},"modified":"2025-04-21T10:06:11","modified_gmt":"2025-04-21T10:06:11","slug":"depa","status":"publish","type":"post","link":"https:\/\/antecamara-galeria.pt\/en\/depa\/","title":{"rendered":"depA"},"content":{"rendered":"<div class=\"wpb-content-wrapper\"><div class=\"templatera_shortcode\"><style type=\"text\/css\" data-type=\"vc_shortcodes-custom-css\">.vc_custom_1737717005730{border-color: #000000 !important;}.vc_custom_1738173041801{padding-bottom: 60px !important;}.vc_custom_1737715143263{margin-left: -30px !important;padding-top: 80px !important;padding-bottom: 20px !important;}.vc_custom_1737474738892{border-top-width: 3px !important;border-top-style: solid !important;border-color: #000000 !important;}<\/style><div      class=\"vc_row wpb_row section vc_row-fluid  h1_titulo_container vc_custom_1737717005730\" style=' text-align:left;'><div class=\" full_section_inner clearfix\"><div class=\"wpb_column vc_column_container vc_col-sm-12\"><div class=\"vc_column-inner\"><div class=\"wpb_wrapper\">\n\t<div class=\"wpb_text_column wpb_content_element \">\n\t\t<div class=\"wpb_wrapper\">\n\t\t\t<h1 style=\"text-align: right;\">depA<\/h1>\n\n\t\t<\/div> \n\t<\/div> <\/div><\/div><\/div><\/div><\/div><div      class=\"vc_row wpb_row section vc_row-fluid  ac_container_content\" style=' text-align:left;'><div class=\" full_section_inner clearfix\"><div class=\"ac_single_podcast_player wpb_column vc_column_container vc_col-sm-3\"><div class=\"vc_column-inner\"><div class=\"wpb_wrapper\">\n\t<div class=\"wpb_text_column wpb_content_element  podcast_post_image\">\n\t\t<div class=\"wpb_wrapper\">\n\t\t\t<img decoding=\"async\" src=\"https:\/\/antecamara-galeria.pt\/wp-content\/uploads\/2025\/04\/DepA-Architects-ganha-Premio-Internacional-de-Arquitetura.jpg\" alt=\"depA\" class=\"post-featured-image\">\n\n\t\t<\/div> \n\t<\/div> <\/div><\/div><\/div><div class=\"ac_single_podcast_info wpb_column vc_column_container vc_col-sm-9\"><div class=\"vc_column-inner\"><div class=\"wpb_wrapper\"><div class=\"vc_acf ac_single_podcast_texto vc_txt_align_left field_678b7658454bb\"><p>The depA collective was created in Porto in 2009. It is now run by Carlos Azevedo, Jo\u00e3o Cris\u00f3stomo and Lu\u00eds Sobral and its staff covers the areas of architecture and the social sciences.<br \/>\ndepA is focused on researching architectural practice through active listening on the idiosyncrasies of each project. There is a specific commitment to the dimension of time in the interventions: ranging from the interpretation of existing structures and architectural heritage to the open and progressive reintegration of spatial systems.<br \/>\nSome examples are the Casa da Cultura de Pinhel (Pinhel House of Culture), winner of the prize for best museum practice and an honourable mention by the Portuguese Association of Museology (2016), Casa do Ros\u00e1rio (Ros\u00e1rio House), winner of the Concreta Under 40 award (2017), honourable mention in the Nuno Teot\u00f3nio Pereira prize in 2019 and honourable mention in the Jo\u00e3o de Almada Prize in 2019 and the Pavilh\u00e3o do Lago (Lake Pavilion), winner of the FAD awards, in 2018.<br \/>\nAlongside this depA seeks to keep its practices and investigations relevant by taking part in competitions, which are special moments for wide-ranging and compelling research.<\/p>\n<\/div><\/div><\/div><\/div><\/div><\/div><div      class=\"vc_row wpb_row section vc_row-fluid  ac_titulo_do_mesmo_programa vc_custom_1738173041801\" style=' text-align:left;'><div class=\" full_section_inner clearfix\"><div class=\"wpb_column vc_column_container vc_col-sm-12\"><div class=\"vc_column-inner\"><div class=\"wpb_wrapper\"><div      class=\"vc_row wpb_row section vc_row-fluid vc_inner \" style=' text-align:left;'><div class=\" full_section_inner clearfix\"><div class=\"wpb_column vc_column_container vc_col-sm-12\"><div class=\"vc_column-inner\"><div class=\"wpb_wrapper\">\n\t<div class=\"wpb_text_column wpb_content_element  ac_custom_grid_titulo vc_custom_1737715143263\">\n\t\t<div class=\"wpb_wrapper\">\n\t\t\t<h3>From the Same Gest<\/h3>\n\n\t\t<\/div> \n\t<\/div> \n\t<div class=\"wpb_text_column wpb_content_element  vc_custom_1737474738892\">\n\t\t<div class=\"wpb_wrapper\">\n\t\t\t<div id=\"ac_custom_audio_grid\"><\/div><button id=\"load-more-audio\" data-page=\"1\">+<\/button>\n\n\t\t<\/div> \n\t<\/div> <\/div><\/div><\/div><\/div><\/div><\/div><\/div><\/div><\/div><\/div><\/div>\n<\/div>","protected":false},"excerpt":{"rendered":"depA The depA collective was created in Porto in 2009. It is now run by Carlos Azevedo, Jo\u00e3o Cris\u00f3stomo and Lu\u00eds Sobral and its staff covers the areas of architecture and the social sciences. depA is focused on researching architectural practice through active listening on...","protected":false},"author":2,"featured_media":6291,"comment_status":"closed","ping_status":"closed","sticky":false,"template":"","format":"standard","meta":{"_acf_changed":false,"inline_featured_image":false,"footnotes":""},"categories":[158],"tags":[],"class_list":["post-6341","post","type-post","status-publish","format-standard","has-post-thumbnail","hentry","category-pagina-de-convidado-en","convidados-podcasts-depa"],"acf":[],"_links":{"self":[{"href":"https:\/\/antecamara-galeria.pt\/en\/wp-json\/wp\/v2\/posts\/6341","targetHints":{"allow":["GET"]}}],"collection":[{"href":"https:\/\/antecamara-galeria.pt\/en\/wp-json\/wp\/v2\/posts"}],"about":[{"href":"https:\/\/antecamara-galeria.pt\/en\/wp-json\/wp\/v2\/types\/post"}],"author":[{"embeddable":true,"href":"https:\/\/antecamara-galeria.pt\/en\/wp-json\/wp\/v2\/users\/2"}],"replies":[{"embeddable":true,"href":"https:\/\/antecamara-galeria.pt\/en\/wp-json\/wp\/v2\/comments?post=6341"}],"version-history":[{"count":1,"href":"https:\/\/antecamara-galeria.pt\/en\/wp-json\/wp\/v2\/posts\/6341\/revisions"}],"predecessor-version":[{"id":6342,"href":"https:\/\/antecamara-galeria.pt\/en\/wp-json\/wp\/v2\/posts\/6341\/revisions\/6342"}],"wp:featuredmedia":[{"embeddable":true,"href":"https:\/\/antecamara-galeria.pt\/en\/wp-json\/wp\/v2\/media\/6291"}],"wp:attachment":[{"href":"https:\/\/antecamara-galeria.pt\/en\/wp-json\/wp\/v2\/media?parent=6341"}],"wp:term":[{"taxonomy":"category","embeddable":true,"href":"https:\/\/antecamara-galeria.pt\/en\/wp-json\/wp\/v2\/categories?post=6341"},{"taxonomy":"post_tag","embeddable":true,"href":"https:\/\/antecamara-galeria.pt\/en\/wp-json\/wp\/v2\/tags?post=6341"}],"curies":[{"name":"wp","href":"https:\/\/api.w.org\/{rel}","templated":true}]}}