{"id":6249,"date":"2025-04-21T08:39:39","date_gmt":"2025-04-21T08:39:39","guid":{"rendered":"https:\/\/antecamara-galeria.pt\/musicas-do-bairro-danylo-kliutsko-%d0%b4%d0%b0%d0%bd%d0%b8%d0%bb%d0%be-%d0%ba%d0%bb%d1%8e%d1%86%d0%ba%d0%be\/"},"modified":"2025-04-21T08:40:20","modified_gmt":"2025-04-21T08:40:20","slug":"musicas-do-bairro-danylo-kliutsko-%d0%b4%d0%b0%d0%bd%d0%b8%d0%bb%d0%be-%d0%ba%d0%bb%d1%8e%d1%86%d0%ba%d0%be","status":"publish","type":"post","link":"https:\/\/antecamara-galeria.pt\/en\/musicas-do-bairro-danylo-kliutsko-%d0%b4%d0%b0%d0%bd%d0%b8%d0%bb%d0%be-%d0%ba%d0%bb%d1%8e%d1%86%d0%ba%d0%be\/","title":{"rendered":"M\u00fasicas do Bairro &#8211; Danylo Kliutsko (\u0414\u0430\u043d\u0438\u043b\u043e \u041a\u043b\u044e\u0446\u043a\u043e)"},"content":{"rendered":"<div class=\"wpb-content-wrapper\"><div class=\"templatera_shortcode\"><style type=\"text\/css\" data-type=\"vc_shortcodes-custom-css\">.vc_custom_1738173046479{padding-bottom: 60px !important;}.vc_custom_1737484059307{margin-top: 0px !important;margin-right: 0px !important;margin-bottom: 0px !important;margin-left: 0px !important;border-top-width: 0px !important;border-right-width: 0px !important;border-bottom-width: 0px !important;border-left-width: 0px !important;padding-top: 0px !important;padding-right: 0px !important;padding-bottom: 0px !important;padding-left: 0px !important;background-color: #000000 !important;}.vc_custom_1737451145801{margin-bottom: 0px !important;padding-bottom: 0px !important;}.vc_custom_1737717582938{margin-left: -30px !important;padding-top: 80px !important;padding-bottom: 20px !important;}.vc_custom_1738935684648{border-top-width: 3px !important;border-top-style: solid !important;border-color: #000000 !important;}<\/style><div      class=\"vc_row wpb_row section vc_row-fluid  ac_container_content\" style=' text-align:left;'><div class=\" full_section_inner clearfix\"><div class=\"ac_single_podcast_player wpb_column vc_column_container vc_col-sm-12\"><div class=\"vc_column-inner\"><div class=\"wpb_wrapper\">\n\t<div class=\"wpb_text_column wpb_content_element  remove_popup vc_custom_1737484059307\">\n\t\t<div class=\"wpb_wrapper\">\n\t\t\t<a href=\"#\" class=\"popup-current-page\">LISTEN IN A NEW TAB<\/a>\n\n\t\t<\/div> \n\t<\/div> \n\t<div class=\"wpb_text_column wpb_content_element  ac_player_top vc_custom_1737451145801\">\n\t\t<div class=\"wpb_wrapper\">\n\t\t\t<audio class=\"wp-audio-shortcode\" id=\"audio-6249-1\" preload=\"none\" style=\"width: 100%;\" controls=\"controls\"><source type=\"audio\/mpeg\" src=\"https:\/\/audio.transistor.fm\/m\/shows\/60768\/569a755536edb954722c4bc4497adf5f.mp3?_=1\" \/><a href=\"https:\/\/audio.transistor.fm\/m\/shows\/60768\/569a755536edb954722c4bc4497adf5f.mp3\" target=\"_blank\" rel=\"noopener\">https:\/\/audio.transistor.fm\/m\/shows\/60768\/569a755536edb954722c4bc4497adf5f.mp3<\/a><\/audio>\n\n\t\t<\/div> \n\t<\/div> <\/div><\/div><\/div><\/div><\/div><div      class=\"vc_row wpb_row section vc_row-fluid  ac_container_content2\" style=' text-align:left;'><div class=\" full_section_inner clearfix\"><div class=\"ac_single_podcast_player wpb_column vc_column_container vc_col-sm-3\"><div class=\"vc_column-inner\"><div class=\"wpb_wrapper\"><div      class=\"vc_row wpb_row section vc_row-fluid vc_inner  remove_popup disable_negative_margin\" style=' text-align:left;'><div class=\" full_section_inner clearfix\"><div class=\"wpb_column vc_column_container vc_col-sm-12\"><div class=\"vc_column-inner\"><div class=\"wpb_wrapper\">\n\t<div class=\"wpb_text_column wpb_content_element  podcast_post_image\">\n\t\t<div class=\"wpb_wrapper\">\n\t\t\t<img decoding=\"async\" src=\"https:\/\/antecamara-galeria.pt\/wp-content\/uploads\/2025\/04\/EP3-Danylo-carre.jpg\" alt=\"M\u00fasicas do Bairro &#8211; Danylo Kliutsko (\u0414\u0430\u043d\u0438\u043b\u043e \u041a\u043b\u044e\u0446\u043a\u043e)\" class=\"post-featured-image\">\n\n\t\t<\/div> \n\t<\/div> <\/div><\/div><\/div><\/div><\/div><\/div><\/div><\/div><div class=\"ac_single_podcast_info wpb_column vc_column_container vc_col-sm-9\"><div class=\"vc_column-inner\"><div class=\"wpb_wrapper\"><div      class=\"vc_row wpb_row section vc_row-fluid vc_inner  disable_negative_margin\" style=' text-align:left;'><div class=\" full_section_inner clearfix\"><div class=\"wpb_column vc_column_container vc_col-sm-8\"><div class=\"vc_column-inner\"><div class=\"wpb_wrapper\">\n\t<div class=\"wpb_text_column wpb_content_element  ac_single_podcast_nome_do_programa\">\n\t\t<div class=\"wpb_wrapper\">\n\t\t\t<a href=\"https:\/\/antecamara-galeria.pt\/en\/programas\/musicas-do-bairro\/\" rel=\"tag\">M\u00fasicas do Bairro<\/a>\n\n\t\t<\/div> \n\t<\/div> <div class=\"vc_acf ac_single_podcast_numero_episodio vc_txt_align_left field_66f659d063536\">#3<\/div>\n\t<div class=\"wpb_text_column wpb_content_element  ac_single_podcast_nome_do_episodio\">\n\t\t<div class=\"wpb_wrapper\">\n\t\t\t<h1>M\u00fasicas do Bairro &#8211; Danylo Kliutsko (\u0414\u0430\u043d\u0438\u043b\u043e \u041a\u043b\u044e\u0446\u043a\u043e)<\/h1>\n\n\t\t<\/div> \n\t<\/div> \n\t<div class=\"wpb_text_column wpb_content_element  ac_single_podcast_texto\">\n\t\t<div class=\"wpb_wrapper\">\n\t\t\t<p>With: <a href=\"https:\/\/antecamara-galeria.pt\/en\/danylo-kliutsko\/\">Danylo Kliutsko<\/a> | By: <a href=\"https:\/\/antecamara-galeria.pt\/en\/etc\/\">ETC<\/a><\/p>\n\n\t\t<\/div> \n\t<\/div> <\/div><\/div><\/div><div class=\"siganos_label wpb_column vc_column_container vc_col-sm-4\"><div class=\"vc_column-inner\"><div class=\"wpb_wrapper\">\n\t<div class=\"wpb_text_column wpb_content_element \">\n\t\t<div class=\"wpb_wrapper\">\n\t\t\t<p style=\"text-align: right;\">Folow us:<br \/>\n<a href=\"https:\/\/open.spotify.com\/episode\/3bEn2336ParOCjaEgc4MzY?si=c27e5435f6774ff2\" class=\"spotify-follow-button\" target=\"_blank\" rel=\"noopener noreferrer\">Spotify<\/a><br \/>\n<a href=\"https:\/\/podcasts.apple.com\/us\/podcast\/m%C3%BAsicas-do-bairro-danylo-kliutsko-%D0%B4%D0%B0%D0%BD%D0%B8%D0%BB%D0%BE-%D0%BA%D0%BB%D1%8E%D1%86%D0%BA%D0%BE\/id1793362132?i=1000692308854\" class=\"apple-podcast-follow-button\" target=\"_blank\" rel=\"noopener noreferrer\">Apple Podcasts<\/a><\/p>\n\n\t\t<\/div> \n\t<\/div> <\/div><\/div><\/div><\/div><\/div><div      class=\"vc_row wpb_row section vc_row-fluid vc_inner  remove_popup disable_negative_margin\" style=' text-align:left;'><div class=\" full_section_inner clearfix\"><div class=\"wpb_column vc_column_container vc_col-sm-12\"><div class=\"vc_column-inner\"><div class=\"wpb_wrapper\"><div class=\"vc_acf ac_single_podcast_texto vc_txt_align_left field_66f65a0863537\"><p>Danylo Kliutsko (\u0414\u0430\u043d\u0438\u043b\u043e \u041a\u043b\u044e\u0446\u043a\u043e) is a young Ukrainian musician. He has been a refugee in Portugal since the beginning of the conflict in his country. He brings us the epics of the Cossack knights and the rhythms of traditional dances to the sound of the strings of his self-made kobzas and banduras.<br \/>\nHis concerts, workshops and performances can be found on his instagram page.<\/p>\n<\/div>\n\t<div class=\"wpb_text_column wpb_content_element \">\n\t\t<div class=\"wpb_wrapper\">\n\t\t\t<p><a href=\"https:\/\/antecamara-galeria.pt\/en\/musicas-do-bairro\/\">+ About M\u00fasicas do Bairro<\/a><\/p>\n\n\t\t<\/div> \n\t<\/div> <\/div><\/div><\/div><\/div><\/div><\/div><\/div><\/div><\/div><\/div><div id=\"remove_popup_ac_grid\"     class=\"vc_row wpb_row section vc_row-fluid  ac_titulo_do_mesmo_programa vc_custom_1738173046479\" style=' text-align:left;'><div class=\" full_section_inner clearfix\"><div class=\"wpb_column vc_column_container vc_col-sm-12\"><div class=\"vc_column-inner\"><div class=\"wpb_wrapper\"><div      class=\"vc_row wpb_row section vc_row-fluid vc_inner \" style=' text-align:left;'><div class=\" full_section_inner clearfix\"><div class=\"wpb_column vc_column_container vc_col-sm-12\" id=\"ac_custom_audio_grid\"><div class=\"vc_column-inner\"><div class=\"wpb_wrapper\">\n\t<div class=\"wpb_text_column wpb_content_element  ac_custom_grid_titulo vc_custom_1737717582938\">\n\t\t<div class=\"wpb_wrapper\">\n\t\t\t<h3>From the Same Show<\/h3>\n\n\t\t<\/div> \n\t<\/div> \n\t<div class=\"wpb_text_column wpb_content_element  vc_custom_1738935684648\">\n\t\t<div class=\"wpb_wrapper\">\n\t\t\t<div id=\"ac_custom_audio_grid\"><\/div><button id=\"load-more-audio\" data-page=\"1\">+<\/button>\n\n\t\t<\/div> \n\t<\/div> <\/div><\/div><\/div><\/div><\/div><\/div><\/div><\/div><\/div><\/div><\/div>\n<\/div>","protected":false},"excerpt":{"rendered":"LISTEN IN A NEW TAB M\u00fasicas do Bairro M\u00fasicas do Bairro | Siga-nos: Spotify Apple Podcasts No related posts found. Do Mesmo Programa + M\u00fasicas do Bairro This programme is part of the results of ETC Studio&#8217;s residency at Galeria Antec\u00e2mara in November 2024. The...","protected":false},"author":2,"featured_media":6229,"comment_status":"closed","ping_status":"closed","sticky":false,"template":"","format":"standard","meta":{"_acf_changed":false,"inline_featured_image":false,"footnotes":""},"categories":[159],"tags":[],"class_list":["post-6249","post","type-post","status-publish","format-standard","has-post-thumbnail","hentry","category-pagina-de-episodio-en","convidados-podcasts-danylo-kliutsko","autores-podcasts-etc","programas-musicas-do-bairro"],"acf":[],"_links":{"self":[{"href":"https:\/\/antecamara-galeria.pt\/en\/wp-json\/wp\/v2\/posts\/6249","targetHints":{"allow":["GET"]}}],"collection":[{"href":"https:\/\/antecamara-galeria.pt\/en\/wp-json\/wp\/v2\/posts"}],"about":[{"href":"https:\/\/antecamara-galeria.pt\/en\/wp-json\/wp\/v2\/types\/post"}],"author":[{"embeddable":true,"href":"https:\/\/antecamara-galeria.pt\/en\/wp-json\/wp\/v2\/users\/2"}],"replies":[{"embeddable":true,"href":"https:\/\/antecamara-galeria.pt\/en\/wp-json\/wp\/v2\/comments?post=6249"}],"version-history":[{"count":1,"href":"https:\/\/antecamara-galeria.pt\/en\/wp-json\/wp\/v2\/posts\/6249\/revisions"}],"predecessor-version":[{"id":6250,"href":"https:\/\/antecamara-galeria.pt\/en\/wp-json\/wp\/v2\/posts\/6249\/revisions\/6250"}],"wp:featuredmedia":[{"embeddable":true,"href":"https:\/\/antecamara-galeria.pt\/en\/wp-json\/wp\/v2\/media\/6229"}],"wp:attachment":[{"href":"https:\/\/antecamara-galeria.pt\/en\/wp-json\/wp\/v2\/media?parent=6249"}],"wp:term":[{"taxonomy":"category","embeddable":true,"href":"https:\/\/antecamara-galeria.pt\/en\/wp-json\/wp\/v2\/categories?post=6249"},{"taxonomy":"post_tag","embeddable":true,"href":"https:\/\/antecamara-galeria.pt\/en\/wp-json\/wp\/v2\/tags?post=6249"}],"curies":[{"name":"wp","href":"https:\/\/api.w.org\/{rel}","templated":true}]}}