{"id":6138,"date":"2025-04-17T14:52:54","date_gmt":"2025-04-17T14:52:54","guid":{"rendered":"https:\/\/antecamara-galeria.pt\/por-portas-e-janelas-6\/"},"modified":"2025-04-17T14:53:20","modified_gmt":"2025-04-17T14:53:20","slug":"por-portas-e-janelas-6","status":"publish","type":"post","link":"https:\/\/antecamara-galeria.pt\/en\/por-portas-e-janelas-6\/","title":{"rendered":"Por Portas e Janelas"},"content":{"rendered":"<div class=\"wpb-content-wrapper\"><div class=\"templatera_shortcode\"><style type=\"text\/css\" data-type=\"vc_shortcodes-custom-css\">.vc_custom_1738173046479{padding-bottom: 60px !important;}.vc_custom_1737484059307{margin-top: 0px !important;margin-right: 0px !important;margin-bottom: 0px !important;margin-left: 0px !important;border-top-width: 0px !important;border-right-width: 0px !important;border-bottom-width: 0px !important;border-left-width: 0px !important;padding-top: 0px !important;padding-right: 0px !important;padding-bottom: 0px !important;padding-left: 0px !important;background-color: #000000 !important;}.vc_custom_1737451145801{margin-bottom: 0px !important;padding-bottom: 0px !important;}.vc_custom_1737717582938{margin-left: -30px !important;padding-top: 80px !important;padding-bottom: 20px !important;}.vc_custom_1738935684648{border-top-width: 3px !important;border-top-style: solid !important;border-color: #000000 !important;}<\/style><div      class=\"vc_row wpb_row section vc_row-fluid  ac_container_content\" style=' text-align:left;'><div class=\" full_section_inner clearfix\"><div class=\"ac_single_podcast_player wpb_column vc_column_container vc_col-sm-12\"><div class=\"vc_column-inner\"><div class=\"wpb_wrapper\">\n\t<div class=\"wpb_text_column wpb_content_element  remove_popup vc_custom_1737484059307\">\n\t\t<div class=\"wpb_wrapper\">\n\t\t\t<a href=\"#\" class=\"popup-current-page\">LISTEN IN A NEW TAB<\/a>\n\n\t\t<\/div> \n\t<\/div> \n\t<div class=\"wpb_text_column wpb_content_element  ac_player_top vc_custom_1737451145801\">\n\t\t<div class=\"wpb_wrapper\">\n\t\t\t<audio class=\"wp-audio-shortcode\" id=\"audio-6138-1\" preload=\"none\" style=\"width: 100%;\" controls=\"controls\"><source type=\"audio\/mpeg\" src=\"https:\/\/audio.transistor.fm\/m\/shows\/56699\/08a6fe8147f25e80ade6939b12e7d44e.mp3?_=1\" \/><a href=\"https:\/\/audio.transistor.fm\/m\/shows\/56699\/08a6fe8147f25e80ade6939b12e7d44e.mp3\" target=\"_blank\" rel=\"noopener\">https:\/\/audio.transistor.fm\/m\/shows\/56699\/08a6fe8147f25e80ade6939b12e7d44e.mp3<\/a><\/audio>\n\n\t\t<\/div> \n\t<\/div> <\/div><\/div><\/div><\/div><\/div><div      class=\"vc_row wpb_row section vc_row-fluid  ac_container_content2\" style=' text-align:left;'><div class=\" full_section_inner clearfix\"><div class=\"ac_single_podcast_player wpb_column vc_column_container vc_col-sm-3\"><div class=\"vc_column-inner\"><div class=\"wpb_wrapper\"><div      class=\"vc_row wpb_row section vc_row-fluid vc_inner  remove_popup disable_negative_margin\" style=' text-align:left;'><div class=\" full_section_inner clearfix\"><div class=\"wpb_column vc_column_container vc_col-sm-12\"><div class=\"vc_column-inner\"><div class=\"wpb_wrapper\">\n\t<div class=\"wpb_text_column wpb_content_element  podcast_post_image\">\n\t\t<div class=\"wpb_wrapper\">\n\t\t\t<img decoding=\"async\" src=\"https:\/\/antecamara-galeria.pt\/wp-content\/uploads\/2025\/01\/EP5_PORTAS-E-JANELAS.jpg\" alt=\"Por Portas e Janelas\" class=\"post-featured-image\">\n\n\t\t<\/div> \n\t<\/div> <\/div><\/div><\/div><\/div><\/div><\/div><\/div><\/div><div class=\"ac_single_podcast_info wpb_column vc_column_container vc_col-sm-9\"><div class=\"vc_column-inner\"><div class=\"wpb_wrapper\"><div      class=\"vc_row wpb_row section vc_row-fluid vc_inner  disable_negative_margin\" style=' text-align:left;'><div class=\" full_section_inner clearfix\"><div class=\"wpb_column vc_column_container vc_col-sm-8\"><div class=\"vc_column-inner\"><div class=\"wpb_wrapper\">\n\t<div class=\"wpb_text_column wpb_content_element  ac_single_podcast_nome_do_programa\">\n\t\t<div class=\"wpb_wrapper\">\n\t\t\t<a href=\"https:\/\/antecamara-galeria.pt\/programas\/por-portas-e-janelas\/\" rel=\"tag\">Por Portas e Janelas<\/a>\n\n\t\t<\/div> \n\t<\/div> <div class=\"vc_acf ac_single_podcast_numero_episodio vc_txt_align_left field_66f659d063536\">#5<\/div>\n\t<div class=\"wpb_text_column wpb_content_element  ac_single_podcast_nome_do_episodio\">\n\t\t<div class=\"wpb_wrapper\">\n\t\t\t<h1>Por Portas e Janelas<\/h1>\n\n\t\t<\/div> \n\t<\/div> \n\t<div class=\"wpb_text_column wpb_content_element  ac_single_podcast_texto\">\n\t\t<div class=\"wpb_wrapper\">\n\t\t\t<p>With: <a href=\"https:\/\/antecamara-galeria.pt\/en\/carlos-aragao\/\">Carlos Arag\u00e3o<\/a>, <a href=\"https:\/\/antecamara-galeria.pt\/en\/hugo-maia\/\">Hugo Maia<\/a>, <a href=\"https:\/\/antecamara-galeria.pt\/en\/joao-romao\/\">Jo\u00e3o Rom\u00e3o<\/a>, <a href=\"https:\/\/antecamara-galeria.pt\/en\/pedro-abril\/\">Pedro Abril<\/a> | By: <a href=\"https:\/\/antecamara-galeria.pt\/en\/trienal-de-arquitectura-de-lisboa\/\">Trienal de Arquitectura de Lisboa<\/a><\/p>\n\n\t\t<\/div> \n\t<\/div> <\/div><\/div><\/div><div class=\"siganos_label wpb_column vc_column_container vc_col-sm-4\"><div class=\"vc_column-inner\"><div class=\"wpb_wrapper\">\n\t<div class=\"wpb_text_column wpb_content_element \">\n\t\t<div class=\"wpb_wrapper\">\n\t\t\t<p style=\"text-align: right;\">Folow us:<br \/>\n<a href=\"https:\/\/open.spotify.com\/episode\/0UsAH8OCD1kl0ijhVhqHWo?si=ce671207738a423c\" class=\"spotify-follow-button\" target=\"_blank\" rel=\"noopener noreferrer\">Spotify<\/a><br \/>\n<a href=\"https:\/\/podcasts.apple.com\/pt\/podcast\/por-portas-e-janelas\/id1767886910?i=1000672691405\" class=\"apple-podcast-follow-button\" target=\"_blank\" rel=\"noopener noreferrer\">Apple Podcasts<\/a><\/p>\n\n\t\t<\/div> \n\t<\/div> <\/div><\/div><\/div><\/div><\/div><div      class=\"vc_row wpb_row section vc_row-fluid vc_inner  remove_popup disable_negative_margin\" style=' text-align:left;'><div class=\" full_section_inner clearfix\"><div class=\"wpb_column vc_column_container vc_col-sm-12\"><div class=\"vc_column-inner\"><div class=\"wpb_wrapper\"><div class=\"vc_acf ac_single_podcast_texto vc_txt_align_left field_66f65a0863537\"><p>From Restoration to Restoration. A conversation with another field of knowledge.<\/p>\n<p>XXXI Studio is a multidisciplinary studio that draws inspiration from the construction process of each project to combine spatiality with design and identity. They brought in a young chef from the New Kids on the Block collective for an open and relaxed conversation around three blue wooden stools, a brushed stainless steel table and half a dozen cheese loaves from the Azores, elements that mark the atmosphere of Cascavel, the bar they recently opened in the Alfacinha neighbourhood of Santos, in a partnership between architecture and gastronomy.<br \/>\nAn unlikely dialogue, or not, between these two practices, to talk about the connection to local environments, the reinterpretation of regional heritage and contemporary social dynamics, to build a new narrative. These are questions that feed the irreverent dialogue of a generation that is trying its best to make a difference in architecture. Listen to the experience of architects Carlos Arag\u00e3o, Jo\u00e3o Rom\u00e3o and Hugo Maia and chef Pedro Abril. Four partners who got their hands dirty to cook up an eight-handed catering project.<\/p>\n<\/div>\n\t<div class=\"wpb_text_column wpb_content_element \">\n\t\t<div class=\"wpb_wrapper\">\n\t\t\t<p><a href=\"https:\/\/antecamara-galeria.pt\/en\/por-portas-e-janelas\/\">+ About Por Portas e Janelas<\/a><\/p>\n\n\t\t<\/div> \n\t<\/div> <\/div><\/div><\/div><\/div><\/div><\/div><\/div><\/div><\/div><\/div><div id=\"remove_popup_ac_grid\"     class=\"vc_row wpb_row section vc_row-fluid  ac_titulo_do_mesmo_programa vc_custom_1738173046479\" style=' text-align:left;'><div class=\" full_section_inner clearfix\"><div class=\"wpb_column vc_column_container vc_col-sm-12\"><div class=\"vc_column-inner\"><div class=\"wpb_wrapper\"><div      class=\"vc_row wpb_row section vc_row-fluid vc_inner \" style=' text-align:left;'><div class=\" full_section_inner clearfix\"><div class=\"wpb_column vc_column_container vc_col-sm-12\" id=\"ac_custom_audio_grid\"><div class=\"vc_column-inner\"><div class=\"wpb_wrapper\">\n\t<div class=\"wpb_text_column wpb_content_element  ac_custom_grid_titulo vc_custom_1737717582938\">\n\t\t<div class=\"wpb_wrapper\">\n\t\t\t<h3>From the Same Show<\/h3>\n\n\t\t<\/div> \n\t<\/div> \n\t<div class=\"wpb_text_column wpb_content_element  vc_custom_1738935684648\">\n\t\t<div class=\"wpb_wrapper\">\n\t\t\t<div id=\"ac_custom_audio_grid\"><\/div><button id=\"load-more-audio\" data-page=\"1\">+<\/button>\n\n\t\t<\/div> \n\t<\/div> <\/div><\/div><\/div><\/div><\/div><\/div><\/div><\/div><\/div><\/div><\/div>\n<\/div>","protected":false},"excerpt":{"rendered":"Por Portas e Janelas Por Portas e Janelas is a programme about architecture now through the voices of the main institutions that show and discuss it in Portugal. Lisbon Architecture Triennale, Architecture Centre -Garagem Sul and Casa de Arquitectura. Together we go through doors, towards...","protected":false},"author":2,"featured_media":6082,"comment_status":"closed","ping_status":"closed","sticky":false,"template":"","format":"standard","meta":{"_acf_changed":false,"inline_featured_image":false,"footnotes":""},"categories":[159],"tags":[],"class_list":["post-6138","post","type-post","status-publish","format-standard","has-post-thumbnail","hentry","category-pagina-de-episodio-en","convidados-podcasts-carlos-aragao","convidados-podcasts-hugo-maia","convidados-podcasts-joao-romao","convidados-podcasts-pedro-abril","autores-podcasts-trienal-de-arquitectura-de-lisboa","programas-por-portas-e-janelas"],"acf":[],"_links":{"self":[{"href":"https:\/\/antecamara-galeria.pt\/en\/wp-json\/wp\/v2\/posts\/6138","targetHints":{"allow":["GET"]}}],"collection":[{"href":"https:\/\/antecamara-galeria.pt\/en\/wp-json\/wp\/v2\/posts"}],"about":[{"href":"https:\/\/antecamara-galeria.pt\/en\/wp-json\/wp\/v2\/types\/post"}],"author":[{"embeddable":true,"href":"https:\/\/antecamara-galeria.pt\/en\/wp-json\/wp\/v2\/users\/2"}],"replies":[{"embeddable":true,"href":"https:\/\/antecamara-galeria.pt\/en\/wp-json\/wp\/v2\/comments?post=6138"}],"version-history":[{"count":1,"href":"https:\/\/antecamara-galeria.pt\/en\/wp-json\/wp\/v2\/posts\/6138\/revisions"}],"predecessor-version":[{"id":6139,"href":"https:\/\/antecamara-galeria.pt\/en\/wp-json\/wp\/v2\/posts\/6138\/revisions\/6139"}],"wp:featuredmedia":[{"embeddable":true,"href":"https:\/\/antecamara-galeria.pt\/en\/wp-json\/wp\/v2\/media\/6082"}],"wp:attachment":[{"href":"https:\/\/antecamara-galeria.pt\/en\/wp-json\/wp\/v2\/media?parent=6138"}],"wp:term":[{"taxonomy":"category","embeddable":true,"href":"https:\/\/antecamara-galeria.pt\/en\/wp-json\/wp\/v2\/categories?post=6138"},{"taxonomy":"post_tag","embeddable":true,"href":"https:\/\/antecamara-galeria.pt\/en\/wp-json\/wp\/v2\/tags?post=6138"}],"curies":[{"name":"wp","href":"https:\/\/api.w.org\/{rel}","templated":true}]}}