{"id":6038,"date":"2025-04-17T13:32:41","date_gmt":"2025-04-17T13:32:41","guid":{"rendered":"https:\/\/antecamara-galeria.pt\/teaser-uma-revolucao-assim\/"},"modified":"2025-04-17T13:33:16","modified_gmt":"2025-04-17T13:33:16","slug":"teaser-uma-revolucao-assim","status":"publish","type":"post","link":"https:\/\/antecamara-galeria.pt\/en\/teaser-uma-revolucao-assim\/","title":{"rendered":"TEASER Uma Revolu\u00e7\u00e3o Assim"},"content":{"rendered":"<div class=\"wpb-content-wrapper\"><div class=\"templatera_shortcode\"><style type=\"text\/css\" data-type=\"vc_shortcodes-custom-css\">.vc_custom_1738173046479{padding-bottom: 60px !important;}.vc_custom_1737484059307{margin-top: 0px !important;margin-right: 0px !important;margin-bottom: 0px !important;margin-left: 0px !important;border-top-width: 0px !important;border-right-width: 0px !important;border-bottom-width: 0px !important;border-left-width: 0px !important;padding-top: 0px !important;padding-right: 0px !important;padding-bottom: 0px !important;padding-left: 0px !important;background-color: #000000 !important;}.vc_custom_1737451145801{margin-bottom: 0px !important;padding-bottom: 0px !important;}.vc_custom_1737717582938{margin-left: -30px !important;padding-top: 80px !important;padding-bottom: 20px !important;}.vc_custom_1738935684648{border-top-width: 3px !important;border-top-style: solid !important;border-color: #000000 !important;}<\/style><div      class=\"vc_row wpb_row section vc_row-fluid  ac_container_content\" style=' text-align:left;'><div class=\" full_section_inner clearfix\"><div class=\"ac_single_podcast_player wpb_column vc_column_container vc_col-sm-12\"><div class=\"vc_column-inner\"><div class=\"wpb_wrapper\">\n\t<div class=\"wpb_text_column wpb_content_element  remove_popup vc_custom_1737484059307\">\n\t\t<div class=\"wpb_wrapper\">\n\t\t\t<a href=\"#\" class=\"popup-current-page\">LISTEN IN A NEW TAB<\/a>\n\n\t\t<\/div> \n\t<\/div> \n\t<div class=\"wpb_text_column wpb_content_element  ac_player_top vc_custom_1737451145801\">\n\t\t<div class=\"wpb_wrapper\">\n\t\t\t<audio class=\"wp-audio-shortcode\" id=\"audio-6038-1\" preload=\"none\" style=\"width: 100%;\" controls=\"controls\"><source type=\"audio\/mpeg\" src=\"https:\/\/audio.transistor.fm\/m\/shows\/56820\/9d6fabdc7ddc4c29a1b4f71509704530.mp3?_=1\" \/><a href=\"https:\/\/audio.transistor.fm\/m\/shows\/56820\/9d6fabdc7ddc4c29a1b4f71509704530.mp3\" target=\"_blank\" rel=\"noopener\">https:\/\/audio.transistor.fm\/m\/shows\/56820\/9d6fabdc7ddc4c29a1b4f71509704530.mp3<\/a><\/audio>\n\n\t\t<\/div> \n\t<\/div> <\/div><\/div><\/div><\/div><\/div><div      class=\"vc_row wpb_row section vc_row-fluid  ac_container_content2\" style=' text-align:left;'><div class=\" full_section_inner clearfix\"><div class=\"ac_single_podcast_player wpb_column vc_column_container vc_col-sm-3\"><div class=\"vc_column-inner\"><div class=\"wpb_wrapper\"><div      class=\"vc_row wpb_row section vc_row-fluid vc_inner  remove_popup disable_negative_margin\" style=' text-align:left;'><div class=\" full_section_inner clearfix\"><div class=\"wpb_column vc_column_container vc_col-sm-12\"><div class=\"vc_column-inner\"><div class=\"wpb_wrapper\">\n\t<div class=\"wpb_text_column wpb_content_element  podcast_post_image\">\n\t\t<div class=\"wpb_wrapper\">\n\t\t\t<img decoding=\"async\" src=\"https:\/\/antecamara-galeria.pt\/wp-content\/uploads\/2025\/01\/UMA-REVOLUCAO-ASSIM_PROGRAMA.jpg\" alt=\"TEASER Uma Revolu\u00e7\u00e3o Assim\" class=\"post-featured-image\">\n\n\t\t<\/div> \n\t<\/div> <\/div><\/div><\/div><\/div><\/div><\/div><\/div><\/div><div class=\"ac_single_podcast_info wpb_column vc_column_container vc_col-sm-9\"><div class=\"vc_column-inner\"><div class=\"wpb_wrapper\"><div      class=\"vc_row wpb_row section vc_row-fluid vc_inner  disable_negative_margin\" style=' text-align:left;'><div class=\" full_section_inner clearfix\"><div class=\"wpb_column vc_column_container vc_col-sm-8\"><div class=\"vc_column-inner\"><div class=\"wpb_wrapper\">\n\t<div class=\"wpb_text_column wpb_content_element  ac_single_podcast_nome_do_programa\">\n\t\t<div class=\"wpb_wrapper\">\n\t\t\t<a href=\"https:\/\/antecamara-galeria.pt\/programas\/uma-revolucao-assim\/\" rel=\"tag\">Uma Revolu\u00e7\u00e3o Assim<\/a>\n\n\t\t<\/div> \n\t<\/div> <div class=\"vc_acf ac_single_podcast_numero_episodio vc_txt_align_left field_66f659d063536\">#0<\/div>\n\t<div class=\"wpb_text_column wpb_content_element  ac_single_podcast_nome_do_episodio\">\n\t\t<div class=\"wpb_wrapper\">\n\t\t\t<h1>TEASER Uma Revolu\u00e7\u00e3o Assim<\/h1>\n\n\t\t<\/div> \n\t<\/div> \n\t<div class=\"wpb_text_column wpb_content_element  ac_single_podcast_texto\">\n\t\t<div class=\"wpb_wrapper\">\n\t\t\t<p> | By: <a href=\"https:\/\/antecamara-galeria.pt\/en\/julia-albani\/\">Julia Albani<\/a><\/p>\n\n\t\t<\/div> \n\t<\/div> <\/div><\/div><\/div><div class=\"siganos_label wpb_column vc_column_container vc_col-sm-4\"><div class=\"vc_column-inner\"><div class=\"wpb_wrapper\">\n\t<div class=\"wpb_text_column wpb_content_element \">\n\t\t<div class=\"wpb_wrapper\">\n\t\t\t<p style=\"text-align: right;\">Folow us:<br \/>\n<a href=\"https:\/\/open.spotify.com\/episode\/6uFrRSs1DKhIMnLSCM4Omn?si=896e221c3e61413d\" class=\"spotify-follow-button\" target=\"_blank\" rel=\"noopener noreferrer\">Spotify<\/a><br \/>\n<\/p>\n\n\t\t<\/div> \n\t<\/div> <\/div><\/div><\/div><\/div><\/div><div      class=\"vc_row wpb_row section vc_row-fluid vc_inner  remove_popup disable_negative_margin\" style=' text-align:left;'><div class=\" full_section_inner clearfix\"><div class=\"wpb_column vc_column_container vc_col-sm-12\"><div class=\"vc_column-inner\"><div class=\"wpb_wrapper\"><div class=\"vc_acf ac_single_podcast_texto vc_txt_align_left field_66f65a0863537\"><p>A Revolution Like This<br \/>\nStruggle and fiction: The Housing Question<\/p>\n<p>The serious housing crisis has led people to protest for the right to an affordable home, not only in Portugal, but also across Europe. This and other issues such as social inequality, migration and the ecological crisis are on the agenda of today&#8217;s ever-changing society. From 25 September to 6 October, the festival Uma Revolu\u00e7\u00e3o Assim &#8211; Luta e Fic\u00e7\u00e3o: a Quest\u00e3o da Habita\u00e7\u00e3o invites a collective dialogue about what kind of society we want to build and promotes thinking about other ways of living and inhabiting. With artistic interventions in private homes, a series of podcasts, a video essay, lunchtime talks, debates and round tables on a travelling stage that transforms into a parliament, radio station, open-air cinema, kitchen or dining room, it will pass through various areas of Greater Lisbon.<\/p>\n<p>Uma Revolu\u00e7\u00e3o Assim is an initiative of the Goethe-Institut Portugal in collaboration with Culturgest-Funda\u00e7\u00e3o Caixa Geral de Dep\u00f3sitos, curated by Julia Albani, with curatorial consultancy from Ana Jara, Nuno Cera and Tiago Mota Saraiva, and in partnership with the Institut fran\u00e7ais du Portugal \/ MaisFRAN\u00c7A as part of the Franco-German Cultural Fund, R\u00e1dio Antec\u00e2mara, Mensagem de Lisboa, Largo Resid\u00eancias, Cozinha Popular da Mouraria, Associa\u00e7\u00e3o Tempo de Mudar, Coletivo P\u00e1tio, Associa\u00e7\u00e3o Mulheres na Arquitetura, Festa do Cinema Franc\u00eas and the Mais do que Casas project. The festival also has the support of the St Bartholomew&#8217;s Association of Germans in Lisbon, DGARTES &#8211; Directorate-General for the Arts, and the media partnerships of Antena 1 and Antena 2 and the publicity support of Lisbon City Council.<\/p>\n<\/div>\n\t<div class=\"wpb_text_column wpb_content_element \">\n\t\t<div class=\"wpb_wrapper\">\n\t\t\t<p><a href=\"https:\/\/antecamara-galeria.pt\/en\/uma-revolucao-assim\/\">+ About Uma Revolu\u00e7\u00e3o Assim<\/a><\/p>\n\n\t\t<\/div> \n\t<\/div> <\/div><\/div><\/div><\/div><\/div><\/div><\/div><\/div><\/div><\/div><div id=\"remove_popup_ac_grid\"     class=\"vc_row wpb_row section vc_row-fluid  ac_titulo_do_mesmo_programa vc_custom_1738173046479\" style=' text-align:left;'><div class=\" full_section_inner clearfix\"><div class=\"wpb_column vc_column_container vc_col-sm-12\"><div class=\"vc_column-inner\"><div class=\"wpb_wrapper\"><div      class=\"vc_row wpb_row section vc_row-fluid vc_inner \" style=' text-align:left;'><div class=\" full_section_inner clearfix\"><div class=\"wpb_column vc_column_container vc_col-sm-12\" id=\"ac_custom_audio_grid\"><div class=\"vc_column-inner\"><div class=\"wpb_wrapper\">\n\t<div class=\"wpb_text_column wpb_content_element  ac_custom_grid_titulo vc_custom_1737717582938\">\n\t\t<div class=\"wpb_wrapper\">\n\t\t\t<h3>From the Same Show<\/h3>\n\n\t\t<\/div> \n\t<\/div> \n\t<div class=\"wpb_text_column wpb_content_element  vc_custom_1738935684648\">\n\t\t<div class=\"wpb_wrapper\">\n\t\t\t<div id=\"ac_custom_audio_grid\"><\/div><button id=\"load-more-audio\" data-page=\"1\">+<\/button>\n\n\t\t<\/div> \n\t<\/div> <\/div><\/div><\/div><\/div><\/div><\/div><\/div><\/div><\/div><\/div><\/div>\n<\/div>","protected":false},"excerpt":{"rendered":"Uma Revolu\u00e7\u00e3o Assim A Revolution Like This Struggle and fiction: The Housing Question The serious housing crisis has led people to protest for the right to an affordable home, not only in Portugal, but also across Europe. This and other issues such as social inequality,...","protected":false},"author":2,"featured_media":6029,"comment_status":"closed","ping_status":"closed","sticky":false,"template":"","format":"standard","meta":{"_acf_changed":false,"inline_featured_image":false,"footnotes":""},"categories":[159],"tags":[],"class_list":["post-6038","post","type-post","status-publish","format-standard","has-post-thumbnail","hentry","category-pagina-de-episodio-en","autores-podcasts-julia-albani","programas-uma-revolucao-assim"],"acf":[],"_links":{"self":[{"href":"https:\/\/antecamara-galeria.pt\/en\/wp-json\/wp\/v2\/posts\/6038","targetHints":{"allow":["GET"]}}],"collection":[{"href":"https:\/\/antecamara-galeria.pt\/en\/wp-json\/wp\/v2\/posts"}],"about":[{"href":"https:\/\/antecamara-galeria.pt\/en\/wp-json\/wp\/v2\/types\/post"}],"author":[{"embeddable":true,"href":"https:\/\/antecamara-galeria.pt\/en\/wp-json\/wp\/v2\/users\/2"}],"replies":[{"embeddable":true,"href":"https:\/\/antecamara-galeria.pt\/en\/wp-json\/wp\/v2\/comments?post=6038"}],"version-history":[{"count":1,"href":"https:\/\/antecamara-galeria.pt\/en\/wp-json\/wp\/v2\/posts\/6038\/revisions"}],"predecessor-version":[{"id":6039,"href":"https:\/\/antecamara-galeria.pt\/en\/wp-json\/wp\/v2\/posts\/6038\/revisions\/6039"}],"wp:featuredmedia":[{"embeddable":true,"href":"https:\/\/antecamara-galeria.pt\/en\/wp-json\/wp\/v2\/media\/6029"}],"wp:attachment":[{"href":"https:\/\/antecamara-galeria.pt\/en\/wp-json\/wp\/v2\/media?parent=6038"}],"wp:term":[{"taxonomy":"category","embeddable":true,"href":"https:\/\/antecamara-galeria.pt\/en\/wp-json\/wp\/v2\/categories?post=6038"},{"taxonomy":"post_tag","embeddable":true,"href":"https:\/\/antecamara-galeria.pt\/en\/wp-json\/wp\/v2\/tags?post=6038"}],"curies":[{"name":"wp","href":"https:\/\/api.w.org\/{rel}","templated":true}]}}