{"id":5838,"date":"2025-04-16T17:17:21","date_gmt":"2025-04-16T17:17:21","guid":{"rendered":"https:\/\/antecamara-galeria.pt\/sound-it-erosao-memorias-supraterraneas-i\/"},"modified":"2025-04-16T17:18:23","modified_gmt":"2025-04-16T17:18:23","slug":"sound-it-erosao-memorias-supraterraneas-i","status":"publish","type":"post","link":"https:\/\/antecamara-galeria.pt\/en\/sound-it-erosao-memorias-supraterraneas-i\/","title":{"rendered":"Sound It: eros\u00c3o &#8211; Mem\u00f3rias Supraterr\u00e2neas I"},"content":{"rendered":"<div class=\"wpb-content-wrapper\"><div class=\"templatera_shortcode\"><style type=\"text\/css\" data-type=\"vc_shortcodes-custom-css\">.vc_custom_1738173046479{padding-bottom: 60px !important;}.vc_custom_1737484059307{margin-top: 0px !important;margin-right: 0px !important;margin-bottom: 0px !important;margin-left: 0px !important;border-top-width: 0px !important;border-right-width: 0px !important;border-bottom-width: 0px !important;border-left-width: 0px !important;padding-top: 0px !important;padding-right: 0px !important;padding-bottom: 0px !important;padding-left: 0px !important;background-color: #000000 !important;}.vc_custom_1737451145801{margin-bottom: 0px !important;padding-bottom: 0px !important;}.vc_custom_1737717582938{margin-left: -30px !important;padding-top: 80px !important;padding-bottom: 20px !important;}.vc_custom_1738935684648{border-top-width: 3px !important;border-top-style: solid !important;border-color: #000000 !important;}<\/style><div      class=\"vc_row wpb_row section vc_row-fluid  ac_container_content\" style=' text-align:left;'><div class=\" full_section_inner clearfix\"><div class=\"ac_single_podcast_player wpb_column vc_column_container vc_col-sm-12\"><div class=\"vc_column-inner\"><div class=\"wpb_wrapper\">\n\t<div class=\"wpb_text_column wpb_content_element  remove_popup vc_custom_1737484059307\">\n\t\t<div class=\"wpb_wrapper\">\n\t\t\t<a href=\"#\" class=\"popup-current-page\">LISTEN IN A NEW TAB<\/a>\n\n\t\t<\/div> \n\t<\/div> \n\t<div class=\"wpb_text_column wpb_content_element  ac_player_top vc_custom_1737451145801\">\n\t\t<div class=\"wpb_wrapper\">\n\t\t\t<audio class=\"wp-audio-shortcode\" id=\"audio-5838-1\" preload=\"none\" style=\"width: 100%;\" controls=\"controls\"><source type=\"audio\/mpeg\" src=\"https:\/\/cdn.transistor.fm\/file\/transistor\/m\/shows\/29385\/38024912acf82b1a471cb5b4aec340d7.mp3?_=1\" \/><a href=\"https:\/\/cdn.transistor.fm\/file\/transistor\/m\/shows\/29385\/38024912acf82b1a471cb5b4aec340d7.mp3\" target=\"_blank\" rel=\"noopener\">https:\/\/cdn.transistor.fm\/file\/transistor\/m\/shows\/29385\/38024912acf82b1a471cb5b4aec340d7.mp3<\/a><\/audio>\n\n\t\t<\/div> \n\t<\/div> <\/div><\/div><\/div><\/div><\/div><div      class=\"vc_row wpb_row section vc_row-fluid  ac_container_content2\" style=' text-align:left;'><div class=\" full_section_inner clearfix\"><div class=\"ac_single_podcast_player wpb_column vc_column_container vc_col-sm-3\"><div class=\"vc_column-inner\"><div class=\"wpb_wrapper\"><div      class=\"vc_row wpb_row section vc_row-fluid vc_inner  remove_popup disable_negative_margin\" style=' text-align:left;'><div class=\" full_section_inner clearfix\"><div class=\"wpb_column vc_column_container vc_col-sm-12\"><div class=\"vc_column-inner\"><div class=\"wpb_wrapper\">\n\t<div class=\"wpb_text_column wpb_content_element  podcast_post_image\">\n\t\t<div class=\"wpb_wrapper\">\n\t\t\t<img decoding=\"async\" src=\"https:\/\/antecamara-galeria.pt\/wp-content\/uploads\/2025\/01\/sound-it.jpg\" alt=\"Sound It: eros\u00c3o &#8211; Mem\u00f3rias Supraterr\u00e2neas I\" class=\"post-featured-image\">\n\n\t\t<\/div> \n\t<\/div> <\/div><\/div><\/div><\/div><\/div><\/div><\/div><\/div><div class=\"ac_single_podcast_info wpb_column vc_column_container vc_col-sm-9\"><div class=\"vc_column-inner\"><div class=\"wpb_wrapper\"><div      class=\"vc_row wpb_row section vc_row-fluid vc_inner  disable_negative_margin\" style=' text-align:left;'><div class=\" full_section_inner clearfix\"><div class=\"wpb_column vc_column_container vc_col-sm-8\"><div class=\"vc_column-inner\"><div class=\"wpb_wrapper\">\n\t<div class=\"wpb_text_column wpb_content_element  ac_single_podcast_nome_do_programa\">\n\t\t<div class=\"wpb_wrapper\">\n\t\t\t<a href=\"https:\/\/antecamara-galeria.pt\/programas\/sound-it\/\" rel=\"tag\">Sound It<\/a>\n\n\t\t<\/div> \n\t<\/div> <div class=\"vc_acf ac_single_podcast_numero_episodio vc_txt_align_left field_66f659d063536\">#66<\/div>\n\t<div class=\"wpb_text_column wpb_content_element  ac_single_podcast_nome_do_episodio\">\n\t\t<div class=\"wpb_wrapper\">\n\t\t\t<h1>Sound It: eros\u00c3o &#8211; Mem\u00f3rias Supraterr\u00e2neas I<\/h1>\n\n\t\t<\/div> \n\t<\/div> \n\t<div class=\"wpb_text_column wpb_content_element  ac_single_podcast_texto\">\n\t\t<div class=\"wpb_wrapper\">\n\t\t\t<p>With: <a href=\"https:\/\/antecamara-galeria.pt\/en\/astvaldur-thorisson\/\">Astvaldur Thorisson<\/a>, <a href=\"https:\/\/antecamara-galeria.pt\/en\/filipa-cordeiro\/\">Filipa Cordeiro<\/a>, <a href=\"https:\/\/antecamara-galeria.pt\/en\/francisco-petrucci\/\">Francisco Petrucci<\/a> | By: <a href=\"https:\/\/antecamara-galeria.pt\/en\/alessia-allegri\/\">Alessia Allegri<\/a>, <a href=\"https:\/\/antecamara-galeria.pt\/en\/joao-galante\/\">Jo\u00e3o Galante<\/a>, <a href=\"https:\/\/antecamara-galeria.pt\/en\/pedro-campos-costa\/\">Pedro Campos Costa<\/a><\/p>\n\n\t\t<\/div> \n\t<\/div> <\/div><\/div><\/div><div class=\"siganos_label wpb_column vc_column_container vc_col-sm-4\"><div class=\"vc_column-inner\"><div class=\"wpb_wrapper\">\n\t<div class=\"wpb_text_column wpb_content_element \">\n\t\t<div class=\"wpb_wrapper\">\n\t\t\t<p style=\"text-align: right;\">Folow us:<br \/>\n<a href=\"https:\/\/open.spotify.com\/episode\/4z5HtSQE6xOZY0DX08pJVB?si=8a4d8cb25e9e437a\" class=\"spotify-follow-button\" target=\"_blank\" rel=\"noopener noreferrer\">Spotify<\/a><br \/>\n<a href=\"https:\/\/podcasts.apple.com\/us\/podcast\/sound-it-eros%C3%A3o-mem%C3%B3rias-supraterr%C3%A2neas-i\/id1616514311?i=1000582390560\" class=\"apple-podcast-follow-button\" target=\"_blank\" rel=\"noopener noreferrer\">Apple Podcasts<\/a><\/p>\n\n\t\t<\/div> \n\t<\/div> <\/div><\/div><\/div><\/div><\/div><div      class=\"vc_row wpb_row section vc_row-fluid vc_inner  remove_popup disable_negative_margin\" style=' text-align:left;'><div class=\" full_section_inner clearfix\"><div class=\"wpb_column vc_column_container vc_col-sm-12\"><div class=\"vc_column-inner\"><div class=\"wpb_wrapper\"><div class=\"vc_acf ac_single_podcast_texto vc_txt_align_left field_66f65a0863537\"><p>The eros\u00c3o residency is the result of the collaboration between Filipa Cordeiro, Francisco Petrucci and Astvaldur Thorisson. During the week of 7-14 August 2022, 3 programmes were produced, or 4 sound pieces in total: Rio Seco, Ponte 25 de Abril, and Mem\u00f3rias Supraterr\u00e2neas, the latter with two episodes. Each piece was constructed through a peculiar blend of the research and production methods employed and poetic expressiveness, whose ineffability is the perfect means of communicating the imperfect, the unfinished, the buried or that which moves and presents itself, perhaps without a name but not without resonance. These are the moments, stories, songs, voices, melodies of the time we have lived, the time of the places, spaces and things we have encountered, which we then evoke sonically, like small grains of a reality that is constantly under construction and eroding.<\/p>\n<p>Sound It brings R\u00e1dio Antec\u00e2mara&#8217;s residency to Garagem Sul at CCB. With a wide-ranging programme over six months, the studio welcomes numerous guests, and it is through dialogues between architects, artists and designers, and in conversations with poets and landscape designers, between interludes made of sounds and music, that R\u00e1dio Antec\u00e2mara takes a closer look at our contemporaneity.<br \/>\nSound It explores the ways in which sound constructs and shapes perception and spatial experience. Transcending the visual dimension and going beyond acoustics, Sound It delves into the perceptual, narrative, emotional and referential dimensions of space. It is a subjective journey to discover an invisible architecture, a space perceived sonically, an audible and emotional place.<br \/>\nThe word is the virus of radio, sound is the matter of space.<\/p>\n<\/div>\n\t<div class=\"wpb_text_column wpb_content_element \">\n\t\t<div class=\"wpb_wrapper\">\n\t\t\t<p><a href=\"https:\/\/antecamara-galeria.pt\/en\/sound-it\/\">+ About Sound It<\/a><\/p>\n\n\t\t<\/div> \n\t<\/div> <\/div><\/div><\/div><\/div><\/div><\/div><\/div><\/div><\/div><\/div><div id=\"remove_popup_ac_grid\"     class=\"vc_row wpb_row section vc_row-fluid  ac_titulo_do_mesmo_programa vc_custom_1738173046479\" style=' text-align:left;'><div class=\" full_section_inner clearfix\"><div class=\"wpb_column vc_column_container vc_col-sm-12\"><div class=\"vc_column-inner\"><div class=\"wpb_wrapper\"><div      class=\"vc_row wpb_row section vc_row-fluid vc_inner \" style=' text-align:left;'><div class=\" full_section_inner clearfix\"><div class=\"wpb_column vc_column_container vc_col-sm-12\" id=\"ac_custom_audio_grid\"><div class=\"vc_column-inner\"><div class=\"wpb_wrapper\">\n\t<div class=\"wpb_text_column wpb_content_element  ac_custom_grid_titulo vc_custom_1737717582938\">\n\t\t<div class=\"wpb_wrapper\">\n\t\t\t<h3>From the Same Show<\/h3>\n\n\t\t<\/div> \n\t<\/div> \n\t<div class=\"wpb_text_column wpb_content_element  vc_custom_1738935684648\">\n\t\t<div class=\"wpb_wrapper\">\n\t\t\t<div id=\"ac_custom_audio_grid\"><\/div><button id=\"load-more-audio\" data-page=\"1\">+<\/button>\n\n\t\t<\/div> \n\t<\/div> <\/div><\/div><\/div><\/div><\/div><\/div><\/div><\/div><\/div><\/div><\/div>\n<\/div>","protected":false},"excerpt":{"rendered":"Sound It Sound It brings R\u00e1dio Antec\u00e2mara&#8217;s residency to Garagem Sul at CCB. With a wide-ranging programme over six months, the studio welcomes numerous guests, and it is through dialogues between architects, artists, designers, and conversations with poets or landscape architects, between interludes made of...","protected":false},"author":2,"featured_media":5270,"comment_status":"closed","ping_status":"closed","sticky":false,"template":"","format":"standard","meta":{"_acf_changed":false,"inline_featured_image":false,"footnotes":""},"categories":[159],"tags":[],"class_list":["post-5838","post","type-post","status-publish","format-standard","has-post-thumbnail","hentry","category-pagina-de-episodio-en","convidados-podcasts-astvaldur-thorisson","convidados-podcasts-filipa-cordeiro","convidados-podcasts-francisco-petrucci","autores-podcasts-alessia-allegri","autores-podcasts-joao-galante","autores-podcasts-pedro-campos-costa","programas-sound-it"],"acf":[],"_links":{"self":[{"href":"https:\/\/antecamara-galeria.pt\/en\/wp-json\/wp\/v2\/posts\/5838","targetHints":{"allow":["GET"]}}],"collection":[{"href":"https:\/\/antecamara-galeria.pt\/en\/wp-json\/wp\/v2\/posts"}],"about":[{"href":"https:\/\/antecamara-galeria.pt\/en\/wp-json\/wp\/v2\/types\/post"}],"author":[{"embeddable":true,"href":"https:\/\/antecamara-galeria.pt\/en\/wp-json\/wp\/v2\/users\/2"}],"replies":[{"embeddable":true,"href":"https:\/\/antecamara-galeria.pt\/en\/wp-json\/wp\/v2\/comments?post=5838"}],"version-history":[{"count":1,"href":"https:\/\/antecamara-galeria.pt\/en\/wp-json\/wp\/v2\/posts\/5838\/revisions"}],"predecessor-version":[{"id":5839,"href":"https:\/\/antecamara-galeria.pt\/en\/wp-json\/wp\/v2\/posts\/5838\/revisions\/5839"}],"wp:featuredmedia":[{"embeddable":true,"href":"https:\/\/antecamara-galeria.pt\/en\/wp-json\/wp\/v2\/media\/5270"}],"wp:attachment":[{"href":"https:\/\/antecamara-galeria.pt\/en\/wp-json\/wp\/v2\/media?parent=5838"}],"wp:term":[{"taxonomy":"category","embeddable":true,"href":"https:\/\/antecamara-galeria.pt\/en\/wp-json\/wp\/v2\/categories?post=5838"},{"taxonomy":"post_tag","embeddable":true,"href":"https:\/\/antecamara-galeria.pt\/en\/wp-json\/wp\/v2\/tags?post=5838"}],"curies":[{"name":"wp","href":"https:\/\/api.w.org\/{rel}","templated":true}]}}