{"id":5634,"date":"2025-04-16T14:41:24","date_gmt":"2025-04-16T14:41:24","guid":{"rendered":"https:\/\/antecamara-galeria.pt\/paulo-pereira\/"},"modified":"2025-04-16T14:41:55","modified_gmt":"2025-04-16T14:41:55","slug":"paulo-pereira","status":"publish","type":"post","link":"https:\/\/antecamara-galeria.pt\/en\/paulo-pereira\/","title":{"rendered":"Paulo Pereira"},"content":{"rendered":"<div class=\"wpb-content-wrapper\"><div class=\"templatera_shortcode\"><style type=\"text\/css\" data-type=\"vc_shortcodes-custom-css\">.vc_custom_1737717005730{border-color: #000000 !important;}.vc_custom_1738173041801{padding-bottom: 60px !important;}.vc_custom_1737715143263{margin-left: -30px !important;padding-top: 80px !important;padding-bottom: 20px !important;}.vc_custom_1737474738892{border-top-width: 3px !important;border-top-style: solid !important;border-color: #000000 !important;}<\/style><div      class=\"vc_row wpb_row section vc_row-fluid  h1_titulo_container vc_custom_1737717005730\" style=' text-align:left;'><div class=\" full_section_inner clearfix\"><div class=\"wpb_column vc_column_container vc_col-sm-12\"><div class=\"vc_column-inner\"><div class=\"wpb_wrapper\">\n\t<div class=\"wpb_text_column wpb_content_element \">\n\t\t<div class=\"wpb_wrapper\">\n\t\t\t<h1 style=\"text-align: right;\">Paulo Pereira<\/h1>\n\n\t\t<\/div> \n\t<\/div> <\/div><\/div><\/div><\/div><\/div><div      class=\"vc_row wpb_row section vc_row-fluid  ac_container_content\" style=' text-align:left;'><div class=\" full_section_inner clearfix\"><div class=\"ac_single_podcast_player wpb_column vc_column_container vc_col-sm-3\"><div class=\"vc_column-inner\"><div class=\"wpb_wrapper\">\n\t<div class=\"wpb_text_column wpb_content_element  podcast_post_image\">\n\t\t<div class=\"wpb_wrapper\">\n\t\t\t<img decoding=\"async\" src=\"https:\/\/antecamara-galeria.pt\/wp-content\/uploads\/2025\/04\/Paulo-Pereira.jpeg\" alt=\"Paulo Pereira\" class=\"post-featured-image\">\n\n\t\t<\/div> \n\t<\/div> <\/div><\/div><\/div><div class=\"ac_single_podcast_info wpb_column vc_column_container vc_col-sm-9\"><div class=\"vc_column-inner\"><div class=\"wpb_wrapper\"><div class=\"vc_acf ac_single_podcast_texto vc_txt_align_left field_678b7658454bb\"><p>Paulo Pereira is an art historian with a Master&#8217;s degree in Art History from Universidade Nova de Lisboa and a PhD in History of Architecture from the Faculty of Architecture of Universidade T\u00e9cnica de Lisboa. He was a critic for the Expresso newspaper (Expresso revista) on Comics and Art History (books, exhibitions, etc.) between 1985 and 1991. He collaborated on the Dicion\u00e1rio de Arte Contempor\u00e2nea\/Portugal (Presen\u00e7a, dir. Raquel H. da Silva) with entries on Portuguese comic authors (unpublished). He has been a guest speaker at various seminars, lectures and congresses in Portugal, Spain, France (CNRS), Germany, Italy, the USA and Brazil. He has collaborated on various catalogues relating to the subject. He has organised several exhibitions in Portugal and abroad. He was Vice-President of IPPAR between 1995 and 2002. He directed the History of Portuguese Art, in 3 volumes, (C\u00edrculo de Leitores, 1995). He published Lugares M\u00e1gicos de Portugal in 8 volumes (C\u00edrculo de Leitores, 2004-2005). He was co-director of the exhibition Neue Welten (New Worlds), shown at the Deutsche Historisches Museum in Berlin. He published the volume Arte Portuguesa. Hist\u00f3ria Essencial (Essential History) (Temas &amp; Debates, 2011). He also published the collection Deciphering Portuguese Art, in 8 volumes (C\u00edrculo de Leitores, 2014) and the collection Art and Science, in 5 volumes (C\u00edrculo de Leitores, 2018). He is a professor at the Faculty of Architecture of the University of Lisbon.<\/p>\n<\/div><\/div><\/div><\/div><\/div><\/div><div      class=\"vc_row wpb_row section vc_row-fluid  ac_titulo_do_mesmo_programa vc_custom_1738173041801\" style=' text-align:left;'><div class=\" full_section_inner clearfix\"><div class=\"wpb_column vc_column_container vc_col-sm-12\"><div class=\"vc_column-inner\"><div class=\"wpb_wrapper\"><div      class=\"vc_row wpb_row section vc_row-fluid vc_inner \" style=' text-align:left;'><div class=\" full_section_inner clearfix\"><div class=\"wpb_column vc_column_container vc_col-sm-12\"><div class=\"vc_column-inner\"><div class=\"wpb_wrapper\">\n\t<div class=\"wpb_text_column wpb_content_element  ac_custom_grid_titulo vc_custom_1737715143263\">\n\t\t<div class=\"wpb_wrapper\">\n\t\t\t<h3>From the Same Gest<\/h3>\n\n\t\t<\/div> \n\t<\/div> \n\t<div class=\"wpb_text_column wpb_content_element  vc_custom_1737474738892\">\n\t\t<div class=\"wpb_wrapper\">\n\t\t\t<div id=\"ac_custom_audio_grid\"><\/div><button id=\"load-more-audio\" data-page=\"1\">+<\/button>\n\n\t\t<\/div> \n\t<\/div> <\/div><\/div><\/div><\/div><\/div><\/div><\/div><\/div><\/div><\/div><\/div>\n<\/div>","protected":false},"excerpt":{"rendered":"Paulo Pereira Paulo Pereira is an art historian with a Master&#8217;s degree in Art History from Universidade Nova de Lisboa and a PhD in History of Architecture from the Faculty of Architecture of Universidade T\u00e9cnica de Lisboa. He was a critic for the Expresso newspaper...","protected":false},"author":2,"featured_media":5594,"comment_status":"closed","ping_status":"closed","sticky":false,"template":"","format":"standard","meta":{"_acf_changed":false,"inline_featured_image":false,"footnotes":""},"categories":[158],"tags":[],"class_list":["post-5634","post","type-post","status-publish","format-standard","has-post-thumbnail","hentry","category-pagina-de-convidado-en","convidados-podcasts-paulo-pereira"],"acf":[],"_links":{"self":[{"href":"https:\/\/antecamara-galeria.pt\/en\/wp-json\/wp\/v2\/posts\/5634","targetHints":{"allow":["GET"]}}],"collection":[{"href":"https:\/\/antecamara-galeria.pt\/en\/wp-json\/wp\/v2\/posts"}],"about":[{"href":"https:\/\/antecamara-galeria.pt\/en\/wp-json\/wp\/v2\/types\/post"}],"author":[{"embeddable":true,"href":"https:\/\/antecamara-galeria.pt\/en\/wp-json\/wp\/v2\/users\/2"}],"replies":[{"embeddable":true,"href":"https:\/\/antecamara-galeria.pt\/en\/wp-json\/wp\/v2\/comments?post=5634"}],"version-history":[{"count":1,"href":"https:\/\/antecamara-galeria.pt\/en\/wp-json\/wp\/v2\/posts\/5634\/revisions"}],"predecessor-version":[{"id":5635,"href":"https:\/\/antecamara-galeria.pt\/en\/wp-json\/wp\/v2\/posts\/5634\/revisions\/5635"}],"wp:featuredmedia":[{"embeddable":true,"href":"https:\/\/antecamara-galeria.pt\/en\/wp-json\/wp\/v2\/media\/5594"}],"wp:attachment":[{"href":"https:\/\/antecamara-galeria.pt\/en\/wp-json\/wp\/v2\/media?parent=5634"}],"wp:term":[{"taxonomy":"category","embeddable":true,"href":"https:\/\/antecamara-galeria.pt\/en\/wp-json\/wp\/v2\/categories?post=5634"},{"taxonomy":"post_tag","embeddable":true,"href":"https:\/\/antecamara-galeria.pt\/en\/wp-json\/wp\/v2\/tags?post=5634"}],"curies":[{"name":"wp","href":"https:\/\/api.w.org\/{rel}","templated":true}]}}