{"id":4766,"date":"2025-04-13T11:00:43","date_gmt":"2025-04-13T11:00:43","guid":{"rendered":"https:\/\/antecamara-galeria.pt\/carlos-no\/"},"modified":"2025-04-13T11:14:19","modified_gmt":"2025-04-13T11:14:19","slug":"carlos-no","status":"publish","type":"post","link":"https:\/\/antecamara-galeria.pt\/en\/carlos-no\/","title":{"rendered":"Carlos No"},"content":{"rendered":"<div class=\"wpb-content-wrapper\"><div class=\"templatera_shortcode\"><style type=\"text\/css\" data-type=\"vc_shortcodes-custom-css\">.vc_custom_1737658708821{border-color: #000000 !important;}.vc_custom_1738173017427{padding-bottom: 60px !important;}.vc_custom_1737971079807{margin-left: -30px !important;padding-top: 80px !important;padding-bottom: 20px !important;}.vc_custom_1737650951173{border-top-width: 3px !important;border-top-style: solid !important;border-color: #000000 !important;}<\/style><div      class=\"vc_row wpb_row section vc_row-fluid  h1_titulo_container vc_custom_1737658708821\" style=' text-align:left;'><div class=\" full_section_inner clearfix\"><div class=\"wpb_column vc_column_container vc_col-sm-12\"><div class=\"vc_column-inner\"><div class=\"wpb_wrapper\">\n\t<div class=\"wpb_text_column wpb_content_element \">\n\t\t<div class=\"wpb_wrapper\">\n\t\t\t<h1 style=\"text-align: right;\">Carlos No<\/h1>\n\n\t\t<\/div> \n\t<\/div> <\/div><\/div><\/div><\/div><\/div><div      class=\"vc_row wpb_row section vc_row-fluid  ac_container_content\" style=' text-align:left;'><div class=\" full_section_inner clearfix\"><div class=\"ac_single_podcast_player wpb_column vc_column_container vc_col-sm-3\"><div class=\"vc_column-inner\"><div class=\"wpb_wrapper\">\n\t<div class=\"wpb_text_column wpb_content_element  podcast_post_image\">\n\t\t<div class=\"wpb_wrapper\">\n\t\t\t<img decoding=\"async\" src=\"https:\/\/antecamara-galeria.pt\/wp-content\/uploads\/2025\/04\/Carlos-No.jpg\" alt=\"Carlos No\" class=\"post-featured-image\">\n\n\t\t<\/div> \n\t<\/div> <\/div><\/div><\/div><div class=\"ac_single_podcast_info wpb_column vc_column_container vc_col-sm-9\"><div class=\"vc_column-inner\"><div class=\"wpb_wrapper\"><div class=\"vc_acf ac_single_podcast_texto vc_txt_align_left field_67925497b62ce\"><p>Born in Lisbon in 1967. Lives in Lisbon and works in Ericeira. He studied painting at AR.CO &#8211; Centro de Arte e Comunica\u00e7\u00e3o Visual, 1987-1992, and also studied sculpture in 1987. Since 1991 he has taken part in various group exhibitions, both in Portugal and abroad, and held his first solo exhibition in 1994. In 1993 he won 1st prize for painting at the Portim\u00e3o Art Fair and in 1995 he was selected to represent Portugal at the Biennial of Young Creators of Europe and the Mediterranean in Rijeka, Croatia.<br \/>\nHis most recent exhibitions include the solo shows \u2018Fosso\u2019, at Galeria Monumental, in Lisbon; \u2018Impasse\u2019, at SNBA &#8211; Sociedade Nacional Belas Artes, in Lisbon, and at Museu Jos\u00e9 Malhoa, in Caldas da Rainha; \u2018Finisterra\u2019, at Museu Nogueira da Silva, in Braga; \u2018Estais\u2019, Museu Municipal de Faro, in Faro; \u2018Ex\u00edlio\u2019, at Casa-atelier Vieira da Silva, Funda\u00e7\u00e3o Arpad Szenes &#8211; Vieira da Silva, in Lisbon; the exhibition \u201cPeut-\u00eatre Demain\u201d, at Galerie Elizabeth Couturier, in Lyon; the group exhibitions \u201cImpress\u00f5es Digitais\u201d, at MNAC, in Lisbon; \u201cFenda\u201d, Funda\u00e7\u00e3o Eug\u00e9nio de Almeida, \u00c9vora; \u201cNegOcio\u201d, Centro Cultural Las Cigarreras, Alicante, Spain and \u2019Sob o Signo de Amadeo. Um S\u00e9culo de Arte\u2019, at the Calouste Gulbenkian Foundation&#8217;s Modern Art Centre, as well as the joint exhibitions with Pedro Valdez Cardoso &#8211; \u201cIgnoto\u201d &#8211; at the Centro de Artes and Centro Emmerico Nunes, in Sines, and with Rui Horta Pereira &#8211; \u201cArame\u201d &#8211; at the Bangbang Gallery, in Lisbon.<\/p>\n<\/div><\/div><\/div><\/div><\/div><\/div><div      class=\"vc_row wpb_row section vc_row-fluid  ac_titulo_do_mesmo_programa vc_custom_1738173017427\" style=' text-align:left;'><div class=\" full_section_inner clearfix\"><div class=\"wpb_column vc_column_container vc_col-sm-12\"><div class=\"vc_column-inner\"><div class=\"wpb_wrapper\"><div      class=\"vc_row wpb_row section vc_row-fluid vc_inner \" style=' text-align:left;'><div class=\" full_section_inner clearfix\"><div class=\"wpb_column vc_column_container vc_col-sm-12\"><div class=\"vc_column-inner\"><div class=\"wpb_wrapper\">\n\t<div class=\"wpb_text_column wpb_content_element  ac_custom_grid_titulo vc_custom_1737971079807\">\n\t\t<div class=\"wpb_wrapper\">\n\t\t\t<h3>Exibitions by this Artist<\/h3>\n\n\t\t<\/div> \n\t<\/div> \n\t<div class=\"wpb_text_column wpb_content_element  ac_grid_loja vc_custom_1737650951173\">\n\t\t<div class=\"wpb_wrapper\">\n\t\t\t<div id=\"ac_custom_expo_grid\"><\/div><button id=\"load-more-expo\" data-page=\"1\">+<\/button>\n\n\t\t<\/div> \n\t<\/div> <\/div><\/div><\/div><\/div><\/div><\/div><\/div><\/div><\/div><\/div><\/div>\n<\/div>","protected":false},"excerpt":{"rendered":"Carlos No Born in Lisbon in 1967. Lives in Lisbon and works in Ericeira. He studied painting at AR.CO &#8211; Centro de Arte e Comunica\u00e7\u00e3o Visual, 1987-1992, and also studied sculpture in 1987. Since 1991 he has taken part in various group exhibitions, both in...","protected":false},"author":2,"featured_media":4571,"comment_status":"closed","ping_status":"closed","sticky":false,"template":"","format":"standard","meta":{"_acf_changed":false,"inline_featured_image":false,"footnotes":""},"categories":[160],"tags":[],"class_list":["post-4766","post","type-post","status-publish","format-standard","has-post-thumbnail","hentry","category-pagina-de-artista-en","artistas-expostos-carlos-no"],"acf":[],"_links":{"self":[{"href":"https:\/\/antecamara-galeria.pt\/en\/wp-json\/wp\/v2\/posts\/4766","targetHints":{"allow":["GET"]}}],"collection":[{"href":"https:\/\/antecamara-galeria.pt\/en\/wp-json\/wp\/v2\/posts"}],"about":[{"href":"https:\/\/antecamara-galeria.pt\/en\/wp-json\/wp\/v2\/types\/post"}],"author":[{"embeddable":true,"href":"https:\/\/antecamara-galeria.pt\/en\/wp-json\/wp\/v2\/users\/2"}],"replies":[{"embeddable":true,"href":"https:\/\/antecamara-galeria.pt\/en\/wp-json\/wp\/v2\/comments?post=4766"}],"version-history":[{"count":1,"href":"https:\/\/antecamara-galeria.pt\/en\/wp-json\/wp\/v2\/posts\/4766\/revisions"}],"predecessor-version":[{"id":4767,"href":"https:\/\/antecamara-galeria.pt\/en\/wp-json\/wp\/v2\/posts\/4766\/revisions\/4767"}],"wp:featuredmedia":[{"embeddable":true,"href":"https:\/\/antecamara-galeria.pt\/en\/wp-json\/wp\/v2\/media\/4571"}],"wp:attachment":[{"href":"https:\/\/antecamara-galeria.pt\/en\/wp-json\/wp\/v2\/media?parent=4766"}],"wp:term":[{"taxonomy":"category","embeddable":true,"href":"https:\/\/antecamara-galeria.pt\/en\/wp-json\/wp\/v2\/categories?post=4766"},{"taxonomy":"post_tag","embeddable":true,"href":"https:\/\/antecamara-galeria.pt\/en\/wp-json\/wp\/v2\/tags?post=4766"}],"curies":[{"name":"wp","href":"https:\/\/api.w.org\/{rel}","templated":true}]}}