{"id":4671,"date":"2025-04-12T17:32:46","date_gmt":"2025-04-12T17:32:46","guid":{"rendered":"https:\/\/antecamara-galeria.pt\/duarte-belo\/"},"modified":"2025-04-15T09:48:11","modified_gmt":"2025-04-15T09:48:11","slug":"duarte-belo","status":"publish","type":"post","link":"https:\/\/antecamara-galeria.pt\/en\/duarte-belo\/","title":{"rendered":"Duarte Belo"},"content":{"rendered":"<div class=\"wpb-content-wrapper\"><div class=\"templatera_shortcode\"><style type=\"text\/css\" data-type=\"vc_shortcodes-custom-css\">.vc_custom_1737658708821{border-color: #000000 !important;}.vc_custom_1738173017427{padding-bottom: 60px !important;}.vc_custom_1737971079807{margin-left: -30px !important;padding-top: 80px !important;padding-bottom: 20px !important;}.vc_custom_1737650951173{border-top-width: 3px !important;border-top-style: solid !important;border-color: #000000 !important;}<\/style><div      class=\"vc_row wpb_row section vc_row-fluid  h1_titulo_container vc_custom_1737658708821\" style=' text-align:left;'><div class=\" full_section_inner clearfix\"><div class=\"wpb_column vc_column_container vc_col-sm-12\"><div class=\"vc_column-inner\"><div class=\"wpb_wrapper\">\n\t<div class=\"wpb_text_column wpb_content_element \">\n\t\t<div class=\"wpb_wrapper\">\n\t\t\t<h1 style=\"text-align: right;\">Duarte Belo<\/h1>\n\n\t\t<\/div> \n\t<\/div> <\/div><\/div><\/div><\/div><\/div><div      class=\"vc_row wpb_row section vc_row-fluid  ac_container_content\" style=' text-align:left;'><div class=\" full_section_inner clearfix\"><div class=\"ac_single_podcast_player wpb_column vc_column_container vc_col-sm-3\"><div class=\"vc_column-inner\"><div class=\"wpb_wrapper\">\n\t<div class=\"wpb_text_column wpb_content_element  podcast_post_image\">\n\t\t<div class=\"wpb_wrapper\">\n\t\t\t<img decoding=\"async\" src=\"https:\/\/antecamara-galeria.pt\/wp-content\/uploads\/2025\/04\/Duarte-Belo.jpeg\" alt=\"Duarte Belo\" class=\"post-featured-image\">\n\n\t\t<\/div> \n\t<\/div> <\/div><\/div><\/div><div class=\"ac_single_podcast_info wpb_column vc_column_container vc_col-sm-9\"><div class=\"vc_column-inner\"><div class=\"wpb_wrapper\"><div class=\"vc_acf ac_single_podcast_texto vc_txt_align_left field_67925497b62ce\"><p>Duarte Belo is a Portuguese photographer and architect, born in Lisbon in 1968. He graduated in Architecture from the Faculty of Architecture of the Technical University of Lisbon in 1991. Since 1985, he has dedicated himself to photography, with a focus on documenting the Portuguese landscape and territory. His work is characterised by a systematic and poetic approach, exploring the relationship between human beings and space.<br \/>\nBelo is the author of a vast photographic and editorial oeuvre, including titles such as Portugal: O Sabor da Terra, \u00c0 Superf\u00edcie do Tempo: Viagem \u00e0 Amaz\u00f3nia, Geografia do Caos and A Torre, the latter in collaboration with Maria In\u00eas Cordeiro. In partnership with \u00c1lvaro Domingues, he published Paisagem Portuguesa (Portuguese Landscape), an in-depth reflection on the national territory.<br \/>\nHis photographic archive, which began in 1985, has over a million images and is being made available online through the \u2018Horizonte Portugal\u2019 project. In addition to his artistic practice, Duarte Belo regularly participates in exhibitions, seminars and editorial collaborations, making a significant contribution to thinking about landscape, identity and memory in Portugal.<\/p>\n<\/div><\/div><\/div><\/div><\/div><\/div><div      class=\"vc_row wpb_row section vc_row-fluid  ac_titulo_do_mesmo_programa vc_custom_1738173017427\" style=' text-align:left;'><div class=\" full_section_inner clearfix\"><div class=\"wpb_column vc_column_container vc_col-sm-12\"><div class=\"vc_column-inner\"><div class=\"wpb_wrapper\"><div      class=\"vc_row wpb_row section vc_row-fluid vc_inner \" style=' text-align:left;'><div class=\" full_section_inner clearfix\"><div class=\"wpb_column vc_column_container vc_col-sm-12\"><div class=\"vc_column-inner\"><div class=\"wpb_wrapper\">\n\t<div class=\"wpb_text_column wpb_content_element  ac_custom_grid_titulo vc_custom_1737971079807\">\n\t\t<div class=\"wpb_wrapper\">\n\t\t\t<h3>Exibitions by this Artist<\/h3>\n\n\t\t<\/div> \n\t<\/div> \n\t<div class=\"wpb_text_column wpb_content_element  ac_grid_loja vc_custom_1737650951173\">\n\t\t<div class=\"wpb_wrapper\">\n\t\t\t<div id=\"ac_custom_expo_grid\"><\/div><button id=\"load-more-expo\" data-page=\"1\">+<\/button>\n\n\t\t<\/div> \n\t<\/div> <\/div><\/div><\/div><\/div><\/div><\/div><\/div><\/div><\/div><\/div><\/div>\n<\/div>","protected":false},"excerpt":{"rendered":"Duarte Belo Duarte Belo is a Portuguese photographer and architect, born in Lisbon in 1968. He graduated in Architecture from the Faculty of Architecture of the Technical University of Lisbon in 1991. Since 1985, he has dedicated himself to photography, with a focus on documenting...","protected":false},"author":2,"featured_media":4577,"comment_status":"closed","ping_status":"closed","sticky":false,"template":"","format":"standard","meta":{"_acf_changed":false,"inline_featured_image":false,"footnotes":""},"categories":[160,158],"tags":[],"class_list":["post-4671","post","type-post","status-publish","format-standard","has-post-thumbnail","hentry","category-pagina-de-artista-en","category-pagina-de-convidado-en","artistas-expostos-duarte-belo"],"acf":[],"_links":{"self":[{"href":"https:\/\/antecamara-galeria.pt\/en\/wp-json\/wp\/v2\/posts\/4671","targetHints":{"allow":["GET"]}}],"collection":[{"href":"https:\/\/antecamara-galeria.pt\/en\/wp-json\/wp\/v2\/posts"}],"about":[{"href":"https:\/\/antecamara-galeria.pt\/en\/wp-json\/wp\/v2\/types\/post"}],"author":[{"embeddable":true,"href":"https:\/\/antecamara-galeria.pt\/en\/wp-json\/wp\/v2\/users\/2"}],"replies":[{"embeddable":true,"href":"https:\/\/antecamara-galeria.pt\/en\/wp-json\/wp\/v2\/comments?post=4671"}],"version-history":[{"count":2,"href":"https:\/\/antecamara-galeria.pt\/en\/wp-json\/wp\/v2\/posts\/4671\/revisions"}],"predecessor-version":[{"id":5255,"href":"https:\/\/antecamara-galeria.pt\/en\/wp-json\/wp\/v2\/posts\/4671\/revisions\/5255"}],"wp:featuredmedia":[{"embeddable":true,"href":"https:\/\/antecamara-galeria.pt\/en\/wp-json\/wp\/v2\/media\/4577"}],"wp:attachment":[{"href":"https:\/\/antecamara-galeria.pt\/en\/wp-json\/wp\/v2\/media?parent=4671"}],"wp:term":[{"taxonomy":"category","embeddable":true,"href":"https:\/\/antecamara-galeria.pt\/en\/wp-json\/wp\/v2\/categories?post=4671"},{"taxonomy":"post_tag","embeddable":true,"href":"https:\/\/antecamara-galeria.pt\/en\/wp-json\/wp\/v2\/tags?post=4671"}],"curies":[{"name":"wp","href":"https:\/\/api.w.org\/{rel}","templated":true}]}}