{"id":4665,"date":"2025-04-12T16:26:50","date_gmt":"2025-04-12T16:26:50","guid":{"rendered":"https:\/\/antecamara-galeria.pt\/alvaro-domingues\/"},"modified":"2025-04-15T09:49:25","modified_gmt":"2025-04-15T09:49:25","slug":"alvaro-domingues","status":"publish","type":"post","link":"https:\/\/antecamara-galeria.pt\/en\/alvaro-domingues\/","title":{"rendered":"\u00c1lvaro Domingues"},"content":{"rendered":"<div class=\"wpb-content-wrapper\"><div class=\"templatera_shortcode\"><style type=\"text\/css\" data-type=\"vc_shortcodes-custom-css\">.vc_custom_1737658708821{border-color: #000000 !important;}.vc_custom_1738173017427{padding-bottom: 60px !important;}.vc_custom_1737971079807{margin-left: -30px !important;padding-top: 80px !important;padding-bottom: 20px !important;}.vc_custom_1737650951173{border-top-width: 3px !important;border-top-style: solid !important;border-color: #000000 !important;}<\/style><div      class=\"vc_row wpb_row section vc_row-fluid  h1_titulo_container vc_custom_1737658708821\" style=' text-align:left;'><div class=\" full_section_inner clearfix\"><div class=\"wpb_column vc_column_container vc_col-sm-12\"><div class=\"vc_column-inner\"><div class=\"wpb_wrapper\">\n\t<div class=\"wpb_text_column wpb_content_element \">\n\t\t<div class=\"wpb_wrapper\">\n\t\t\t<h1 style=\"text-align: right;\">\u00c1lvaro Domingues<\/h1>\n\n\t\t<\/div> \n\t<\/div> <\/div><\/div><\/div><\/div><\/div><div      class=\"vc_row wpb_row section vc_row-fluid  ac_container_content\" style=' text-align:left;'><div class=\" full_section_inner clearfix\"><div class=\"ac_single_podcast_player wpb_column vc_column_container vc_col-sm-3\"><div class=\"vc_column-inner\"><div class=\"wpb_wrapper\">\n\t<div class=\"wpb_text_column wpb_content_element  podcast_post_image\">\n\t\t<div class=\"wpb_wrapper\">\n\t\t\t<img decoding=\"async\" src=\"https:\/\/antecamara-galeria.pt\/wp-content\/uploads\/2025\/04\/Alvaro-Domingues.jpg\" alt=\"\u00c1lvaro Domingues\" class=\"post-featured-image\">\n\n\t\t<\/div> \n\t<\/div> <\/div><\/div><\/div><div class=\"ac_single_podcast_info wpb_column vc_column_container vc_col-sm-9\"><div class=\"vc_column-inner\"><div class=\"wpb_wrapper\"><div class=\"vc_acf ac_single_podcast_texto vc_txt_align_left field_67925497b62ce\"><p>\u00c1lvaro Domingues is a Portuguese geographer and teacher, born in Melga\u00e7o in 1959. He has a PhD in Human Geography from the Faculty of Letters of the University of Porto and works as an associate professor at the Faculty of Architecture of the same university (FAUP), where he teaches on the Integrated Master&#8217;s and PhD programmes. He is also a researcher at the FAUP&#8217;s Centre for Architecture and Urbanism Studies (CEAU). Author of several books, such as A Rua da Estrada, Vida no Campo and Volta a Portugal, he reflects on the transformations of space in Portugal. The book The Longest Museum in the World is part of this context, exploring the landscape as a cultural and social expression. In addition to his academic work, he writes regularly for the newspaper P\u00fablico.<\/p>\n<\/div><\/div><\/div><\/div><\/div><\/div><div      class=\"vc_row wpb_row section vc_row-fluid  ac_titulo_do_mesmo_programa vc_custom_1738173017427\" style=' text-align:left;'><div class=\" full_section_inner clearfix\"><div class=\"wpb_column vc_column_container vc_col-sm-12\"><div class=\"vc_column-inner\"><div class=\"wpb_wrapper\"><div      class=\"vc_row wpb_row section vc_row-fluid vc_inner \" style=' text-align:left;'><div class=\" full_section_inner clearfix\"><div class=\"wpb_column vc_column_container vc_col-sm-12\"><div class=\"vc_column-inner\"><div class=\"wpb_wrapper\">\n\t<div class=\"wpb_text_column wpb_content_element  ac_custom_grid_titulo vc_custom_1737971079807\">\n\t\t<div class=\"wpb_wrapper\">\n\t\t\t<h3>Exibitions by this Artist<\/h3>\n\n\t\t<\/div> \n\t<\/div> \n\t<div class=\"wpb_text_column wpb_content_element  ac_grid_loja vc_custom_1737650951173\">\n\t\t<div class=\"wpb_wrapper\">\n\t\t\t<div id=\"ac_custom_expo_grid\"><\/div><button id=\"load-more-expo\" data-page=\"1\">+<\/button>\n\n\t\t<\/div> \n\t<\/div> <\/div><\/div><\/div><\/div><\/div><\/div><\/div><\/div><\/div><\/div><\/div>\n<\/div>","protected":false},"excerpt":{"rendered":"\u00c1lvaro Domingues \u00c1lvaro Domingues is a Portuguese geographer and teacher, born in Melga\u00e7o in 1959. He has a PhD in Human Geography from the Faculty of Letters of the University of Porto and works as an associate professor at the Faculty of Architecture of the...","protected":false},"author":2,"featured_media":4569,"comment_status":"closed","ping_status":"closed","sticky":false,"template":"","format":"standard","meta":{"_acf_changed":false,"inline_featured_image":false,"footnotes":""},"categories":[160,158],"tags":[],"class_list":["post-4665","post","type-post","status-publish","format-standard","has-post-thumbnail","hentry","category-pagina-de-artista-en","category-pagina-de-convidado-en","artistas-expostos-alvaro-domingues"],"acf":[],"_links":{"self":[{"href":"https:\/\/antecamara-galeria.pt\/en\/wp-json\/wp\/v2\/posts\/4665","targetHints":{"allow":["GET"]}}],"collection":[{"href":"https:\/\/antecamara-galeria.pt\/en\/wp-json\/wp\/v2\/posts"}],"about":[{"href":"https:\/\/antecamara-galeria.pt\/en\/wp-json\/wp\/v2\/types\/post"}],"author":[{"embeddable":true,"href":"https:\/\/antecamara-galeria.pt\/en\/wp-json\/wp\/v2\/users\/2"}],"replies":[{"embeddable":true,"href":"https:\/\/antecamara-galeria.pt\/en\/wp-json\/wp\/v2\/comments?post=4665"}],"version-history":[{"count":2,"href":"https:\/\/antecamara-galeria.pt\/en\/wp-json\/wp\/v2\/posts\/4665\/revisions"}],"predecessor-version":[{"id":5257,"href":"https:\/\/antecamara-galeria.pt\/en\/wp-json\/wp\/v2\/posts\/4665\/revisions\/5257"}],"wp:featuredmedia":[{"embeddable":true,"href":"https:\/\/antecamara-galeria.pt\/en\/wp-json\/wp\/v2\/media\/4569"}],"wp:attachment":[{"href":"https:\/\/antecamara-galeria.pt\/en\/wp-json\/wp\/v2\/media?parent=4665"}],"wp:term":[{"taxonomy":"category","embeddable":true,"href":"https:\/\/antecamara-galeria.pt\/en\/wp-json\/wp\/v2\/categories?post=4665"},{"taxonomy":"post_tag","embeddable":true,"href":"https:\/\/antecamara-galeria.pt\/en\/wp-json\/wp\/v2\/tags?post=4665"}],"curies":[{"name":"wp","href":"https:\/\/api.w.org\/{rel}","templated":true}]}}