{"id":4387,"date":"2025-04-12T10:43:12","date_gmt":"2025-04-12T10:43:12","guid":{"rendered":"https:\/\/antecamara-galeria.pt\/landra-a-fundo-na-paisagem\/"},"modified":"2025-04-12T10:45:10","modified_gmt":"2025-04-12T10:45:10","slug":"landra-a-fundo-na-paisagem","status":"publish","type":"post","link":"https:\/\/antecamara-galeria.pt\/en\/landra-a-fundo-na-paisagem\/","title":{"rendered":"LANDRA \u2013 A Fundo na Paisagem"},"content":{"rendered":"<div class=\"wpb-content-wrapper\"><div class=\"templatera_shortcode\"><style type=\"text\/css\" data-type=\"vc_shortcodes-custom-css\">.vc_custom_1737657677248{border-color: #000000 !important;}.vc_custom_1738173009023{padding-bottom: 60px !important;}.vc_custom_1737647661645{margin-bottom: -1.4vw !important;}.vc_custom_1737647647658{margin-bottom: -30px !important;}.vc_custom_1737717350576{margin-left: -30px !important;padding-top: 80px !important;padding-bottom: 20px !important;}.vc_custom_1737651750490{border-top-width: 3px !important;border-top-style: solid !important;border-color: #000000 !important;}<\/style><div      class=\"vc_row wpb_row section vc_row-fluid  h1_titulo_container vc_custom_1737657677248\" style=' text-align:left;'><div class=\" full_section_inner clearfix\"><div class=\"wpb_column vc_column_container vc_col-sm-12\"><div class=\"vc_column-inner\"><div class=\"wpb_wrapper\">\n\t<div class=\"wpb_text_column wpb_content_element  vc_custom_1737647661645\">\n\t\t<div class=\"wpb_wrapper\">\n\t\t\t<p style=\"text-align: right;\">15.02.2024 \u2192 01.03.2024<\/p>\n\n\t\t<\/div> \n\t<\/div> \n\t<div class=\"wpb_text_column wpb_content_element \">\n\t\t<div class=\"wpb_wrapper\">\n\t\t\t<h1 style=\"text-align: right;\">LANDRA \u2013 A Fundo na Paisagem<\/h1>\n\n\t\t<\/div> \n\t<\/div> \n\t<div class=\"wpb_text_column wpb_content_element  ac_artista vc_custom_1737647647658\">\n\t\t<div class=\"wpb_wrapper\">\n\t\t\t<p style=\"text-align: right;\"><a href=\"https:\/\/antecamara-galeria.pt\/en\/landra\/\">LANDRA<\/a><\/p>\n\n\t\t<\/div> \n\t<\/div> <\/div><\/div><\/div><\/div><\/div><div      class=\"vc_row wpb_row section vc_row-fluid  ac_container_content\" style=' text-align:left;'><div class=\" full_section_inner clearfix\"><div class=\"ac_single_podcast_player wpb_column vc_column_container vc_col-sm-12\"><div class=\"vc_column-inner\"><div class=\"wpb_wrapper\">\n\t<div class=\"wpb_text_column wpb_content_element  ac_expo_galeria\">\n\t\t<div class=\"wpb_wrapper\">\n\t\t\t            <div class=\"flexslider \">\n            <ul class=\"slides\">\n                                    <li>\n                        <a href=\"https:\/\/antecamara-galeria.pt\/wp-content\/uploads\/2025\/04\/A-Fundo-na-Paisagem-Landra-Antecamara-4.jpg\" data-lightbox=\"slider-gallery\" data-title=\"\">\n                            <img decoding=\"async\" src=\"https:\/\/antecamara-galeria.pt\/wp-content\/uploads\/2025\/04\/A-Fundo-na-Paisagem-Landra-Antecamara-4.jpg\" alt=\"\">\n                        <\/a>\n                    <\/li>\n                                                    <li>\n                        <a href=\"https:\/\/antecamara-galeria.pt\/wp-content\/uploads\/2025\/04\/A-Fundo-na-Paisagem-Landra-Antecamara-5.jpg\" data-lightbox=\"slider-gallery\" data-title=\"\">\n                            <img decoding=\"async\" src=\"https:\/\/antecamara-galeria.pt\/wp-content\/uploads\/2025\/04\/A-Fundo-na-Paisagem-Landra-Antecamara-5.jpg\" alt=\"\">\n                        <\/a>\n                    <\/li>\n                                                    <li>\n                        <a href=\"https:\/\/antecamara-galeria.pt\/wp-content\/uploads\/2025\/04\/A-Fundo-na-Paisagem-Landra-Antecamara-6.jpg\" data-lightbox=\"slider-gallery\" data-title=\"\">\n                            <img decoding=\"async\" src=\"https:\/\/antecamara-galeria.pt\/wp-content\/uploads\/2025\/04\/A-Fundo-na-Paisagem-Landra-Antecamara-6.jpg\" alt=\"\">\n                        <\/a>\n                    <\/li>\n                                                    <li>\n                        <a href=\"https:\/\/antecamara-galeria.pt\/wp-content\/uploads\/2025\/04\/A-Fundo-na-Paisagem-Landra-Antecamara-7.jpg\" data-lightbox=\"slider-gallery\" data-title=\"\">\n                            <img decoding=\"async\" src=\"https:\/\/antecamara-galeria.pt\/wp-content\/uploads\/2025\/04\/A-Fundo-na-Paisagem-Landra-Antecamara-7.jpg\" alt=\"\">\n                        <\/a>\n                    <\/li>\n                                            <\/ul>\n        <\/div>\n        \n\n\t\t<\/div> \n\t<\/div> <\/div><\/div><\/div><\/div><\/div><div      class=\"vc_row wpb_row section vc_row-fluid  ac_container_content\" style=' text-align:left;'><div class=\" full_section_inner clearfix\"><div class=\"ac_single_podcast_player wpb_column vc_column_container vc_col-sm-3\"><div class=\"vc_column-inner\"><div class=\"wpb_wrapper\">\n\t<div class=\"wpb_text_column wpb_content_element  podcast_post_image\">\n\t\t<div class=\"wpb_wrapper\">\n\t\t\t<img decoding=\"async\" src=\"https:\/\/antecamara-galeria.pt\/wp-content\/uploads\/2025\/04\/WhatsApp-Image-2024-01-26-at-13.22.10-2-1024x575.jpeg.jpg\" alt=\"LANDRA \u2013 A Fundo na Paisagem\" class=\"post-featured-image\">\n\n\t\t<\/div> \n\t<\/div> <\/div><\/div><\/div><div class=\"ac_single_podcast_info wpb_column vc_column_container vc_col-sm-9\"><div class=\"vc_column-inner\"><div class=\"wpb_wrapper\"><div class=\"vc_acf vc_txt_align_left field_679213a31b05b\"><p>&#8220;AYNI. THEOREMS OF RECIPROCITY&#8221; is a series of five project rooms at Brot\u00e9ria, Antec\u00e2mara, HANGAR and Universidade Cat\u00f3lica Portuguesa that will present works by Rita Ferreira, Igor Jesus, LANDRA (Sara Rodrigues and Rodrigo Camacho), The Third Thing (Nithya Iyer and Vlad Mizikov) and Jabulani Maseko.<\/p>\n<p>Curated by students from the MA and PhD programmes in Cultural Studies, The Lisbon Consortium, Universidade Cat\u00f3lica Portuguesa. With the support of the Portuguese Republic &#8211; Culture | DGARTES &#8211; Directorate-General for the Arts.<\/p>\n<p>&nbsp;<\/p>\n<\/div>\n\t<div class=\"wpb_text_column wpb_content_element \">\n\t\t<div class=\"wpb_wrapper\">\n\t\t\t<p>+ About <a href=\"https:\/\/antecamara-galeria.pt\/en\/landra\/\">LANDRA<\/a><\/p>\n\n\t\t<\/div> \n\t<\/div> <\/div><\/div><\/div><\/div><\/div><div      class=\"vc_row wpb_row section vc_row-fluid  ac_titulo_do_mesmo_programa vc_custom_1738173009023\" style=' text-align:left;'><div class=\" full_section_inner clearfix\"><div class=\"wpb_column vc_column_container vc_col-sm-12\"><div class=\"vc_column-inner\"><div class=\"wpb_wrapper\"><div      class=\"vc_row wpb_row section vc_row-fluid vc_inner \" style=' text-align:left;'><div class=\" full_section_inner clearfix\"><div class=\"wpb_column vc_column_container vc_col-sm-12\"><div class=\"vc_column-inner\"><div class=\"wpb_wrapper\">\n\t<div class=\"wpb_text_column wpb_content_element  ac_custom_grid_titulo vc_custom_1737717350576\">\n\t\t<div class=\"wpb_wrapper\">\n\t\t\t<h3 style=\"text-align: left;\">Other Exibitions<\/h3>\n\n\t\t<\/div> \n\t<\/div> \n\t<div class=\"wpb_text_column wpb_content_element  ac_grid_loja vc_custom_1737651750490\">\n\t\t<div class=\"wpb_wrapper\">\n\t\t\t<div id=\"ac_custom_expo_grid\"><\/div><button id=\"load-more-expo\" data-page=\"1\">+<\/button>\n\n\t\t<\/div> \n\t<\/div> <\/div><\/div><\/div><\/div><\/div><\/div><\/div><\/div><\/div><\/div><\/div>\n<\/div>","protected":false},"excerpt":{"rendered":"15.02.2024 \u2192 01.03.2024 LANDRA \u2013 A Fundo na Paisagem LANDRA &#8220;AYNI. THEOREMS OF RECIPROCITY&#8221; is a series of five project rooms at Brot\u00e9ria, Antec\u00e2mara, HANGAR and Universidade Cat\u00f3lica Portuguesa that will present works by Rita Ferreira, Igor Jesus, LANDRA (Sara Rodrigues and Rodrigo Camacho), The...","protected":false},"author":2,"featured_media":4534,"comment_status":"closed","ping_status":"closed","sticky":false,"template":"","format":"standard","meta":{"_acf_changed":false,"inline_featured_image":false,"footnotes":""},"categories":[162],"tags":[],"class_list":["post-4387","post","type-post","status-publish","format-standard","has-post-thumbnail","hentry","category-pagina-de-exposicao-passada-en","artistas-expostos-landra"],"acf":[],"_links":{"self":[{"href":"https:\/\/antecamara-galeria.pt\/en\/wp-json\/wp\/v2\/posts\/4387","targetHints":{"allow":["GET"]}}],"collection":[{"href":"https:\/\/antecamara-galeria.pt\/en\/wp-json\/wp\/v2\/posts"}],"about":[{"href":"https:\/\/antecamara-galeria.pt\/en\/wp-json\/wp\/v2\/types\/post"}],"author":[{"embeddable":true,"href":"https:\/\/antecamara-galeria.pt\/en\/wp-json\/wp\/v2\/users\/2"}],"replies":[{"embeddable":true,"href":"https:\/\/antecamara-galeria.pt\/en\/wp-json\/wp\/v2\/comments?post=4387"}],"version-history":[{"count":1,"href":"https:\/\/antecamara-galeria.pt\/en\/wp-json\/wp\/v2\/posts\/4387\/revisions"}],"predecessor-version":[{"id":4388,"href":"https:\/\/antecamara-galeria.pt\/en\/wp-json\/wp\/v2\/posts\/4387\/revisions\/4388"}],"wp:featuredmedia":[{"embeddable":true,"href":"https:\/\/antecamara-galeria.pt\/en\/wp-json\/wp\/v2\/media\/4534"}],"wp:attachment":[{"href":"https:\/\/antecamara-galeria.pt\/en\/wp-json\/wp\/v2\/media?parent=4387"}],"wp:term":[{"taxonomy":"category","embeddable":true,"href":"https:\/\/antecamara-galeria.pt\/en\/wp-json\/wp\/v2\/categories?post=4387"},{"taxonomy":"post_tag","embeddable":true,"href":"https:\/\/antecamara-galeria.pt\/en\/wp-json\/wp\/v2\/tags?post=4387"}],"curies":[{"name":"wp","href":"https:\/\/api.w.org\/{rel}","templated":true}]}}