{"id":4301,"date":"2025-04-12T10:01:38","date_gmt":"2025-04-12T10:01:38","guid":{"rendered":"https:\/\/antecamara-galeria.pt\/sound-it-radio-antecamara-no-ccb\/"},"modified":"2025-04-12T10:02:13","modified_gmt":"2025-04-12T10:02:13","slug":"sound-it-radio-antecamara-no-ccb","status":"publish","type":"post","link":"https:\/\/antecamara-galeria.pt\/en\/sound-it-radio-antecamara-no-ccb\/","title":{"rendered":"Sound It. R\u00e1dio Antec\u00e2mara no CCB"},"content":{"rendered":"<div class=\"wpb-content-wrapper\"><div class=\"templatera_shortcode\"><style type=\"text\/css\" data-type=\"vc_shortcodes-custom-css\">.vc_custom_1737657677248{border-color: #000000 !important;}.vc_custom_1738173009023{padding-bottom: 60px !important;}.vc_custom_1737647661645{margin-bottom: -1.4vw !important;}.vc_custom_1737647647658{margin-bottom: -30px !important;}.vc_custom_1737717350576{margin-left: -30px !important;padding-top: 80px !important;padding-bottom: 20px !important;}.vc_custom_1737651750490{border-top-width: 3px !important;border-top-style: solid !important;border-color: #000000 !important;}<\/style><div      class=\"vc_row wpb_row section vc_row-fluid  h1_titulo_container vc_custom_1737657677248\" style=' text-align:left;'><div class=\" full_section_inner clearfix\"><div class=\"wpb_column vc_column_container vc_col-sm-12\"><div class=\"vc_column-inner\"><div class=\"wpb_wrapper\">\n\t<div class=\"wpb_text_column wpb_content_element  vc_custom_1737647661645\">\n\t\t<div class=\"wpb_wrapper\">\n\t\t\t<p style=\"text-align: right;\">15.03.2022 \u2192 04.09.2022<\/p>\n\n\t\t<\/div> \n\t<\/div> \n\t<div class=\"wpb_text_column wpb_content_element \">\n\t\t<div class=\"wpb_wrapper\">\n\t\t\t<h1 style=\"text-align: right;\">Sound It. R\u00e1dio Antec\u00e2mara no CCB<\/h1>\n\n\t\t<\/div> \n\t<\/div> \n\t<div class=\"wpb_text_column wpb_content_element  ac_artista vc_custom_1737647647658\">\n\t\t<div class=\"wpb_wrapper\">\n\t\t\t<p style=\"text-align: right;\"><a href=\"https:\/\/antecamara-galeria.pt\/en\/alessia-allegri\/\">Alessia Allegri<\/a>, <a href=\"https:\/\/antecamara-galeria.pt\/en\/joao-galante\/\">Jo\u00e3o Galante<\/a>, <a href=\"https:\/\/antecamara-galeria.pt\/en\/pedro-campos-costa\/\">Pedro Campos Costa<\/a><\/p>\n\n\t\t<\/div> \n\t<\/div> <\/div><\/div><\/div><\/div><\/div><div      class=\"vc_row wpb_row section vc_row-fluid  ac_container_content\" style=' text-align:left;'><div class=\" full_section_inner clearfix\"><div class=\"ac_single_podcast_player wpb_column vc_column_container vc_col-sm-12\"><div class=\"vc_column-inner\"><div class=\"wpb_wrapper\">\n\t<div class=\"wpb_text_column wpb_content_element  ac_expo_galeria\">\n\t\t<div class=\"wpb_wrapper\">\n\t\t\t            <div class=\"flexslider \">\n            <ul class=\"slides\">\n                                    <li>\n                        <a href=\"https:\/\/antecamara-galeria.pt\/wp-content\/uploads\/2025\/04\/PHOTO-2024-10-03-17-14-45.jpg\" data-lightbox=\"slider-gallery\" data-title=\"\">\n                            <img decoding=\"async\" src=\"https:\/\/antecamara-galeria.pt\/wp-content\/uploads\/2025\/04\/PHOTO-2024-10-03-17-14-45.jpg\" alt=\"\">\n                        <\/a>\n                    <\/li>\n                                                    <li>\n                        <a href=\"https:\/\/antecamara-galeria.pt\/wp-content\/uploads\/2025\/04\/PHOTO-2024-10-03-17-13-04.jpg\" data-lightbox=\"slider-gallery\" data-title=\"\">\n                            <img decoding=\"async\" src=\"https:\/\/antecamara-galeria.pt\/wp-content\/uploads\/2025\/04\/PHOTO-2024-10-03-17-13-04.jpg\" alt=\"\">\n                        <\/a>\n                    <\/li>\n                                                    <li>\n                        <a href=\"https:\/\/antecamara-galeria.pt\/wp-content\/uploads\/2025\/04\/PHOTO-2024-10-03-17-13-05.jpg\" data-lightbox=\"slider-gallery\" data-title=\"\">\n                            <img decoding=\"async\" src=\"https:\/\/antecamara-galeria.pt\/wp-content\/uploads\/2025\/04\/PHOTO-2024-10-03-17-13-05.jpg\" alt=\"\">\n                        <\/a>\n                    <\/li>\n                                                    <li>\n                        <a href=\"https:\/\/antecamara-galeria.pt\/wp-content\/uploads\/2025\/04\/PHOTO-2024-10-03-17-13-052.jpg\" data-lightbox=\"slider-gallery\" data-title=\"\">\n                            <img decoding=\"async\" src=\"https:\/\/antecamara-galeria.pt\/wp-content\/uploads\/2025\/04\/PHOTO-2024-10-03-17-13-052.jpg\" alt=\"\">\n                        <\/a>\n                    <\/li>\n                                            <\/ul>\n        <\/div>\n        \n\n\t\t<\/div> \n\t<\/div> <\/div><\/div><\/div><\/div><\/div><div      class=\"vc_row wpb_row section vc_row-fluid  ac_container_content\" style=' text-align:left;'><div class=\" full_section_inner clearfix\"><div class=\"ac_single_podcast_player wpb_column vc_column_container vc_col-sm-3\"><div class=\"vc_column-inner\"><div class=\"wpb_wrapper\">\n\t<div class=\"wpb_text_column wpb_content_element  podcast_post_image\">\n\t\t<div class=\"wpb_wrapper\">\n\t\t\t<img decoding=\"async\" src=\"https:\/\/antecamara-galeria.pt\/wp-content\/uploads\/2025\/04\/MG_7402_X-1024x683-2.jpg\" alt=\"Sound It. R\u00e1dio Antec\u00e2mara no CCB\" class=\"post-featured-image\">\n\n\t\t<\/div> \n\t<\/div> <\/div><\/div><\/div><div class=\"ac_single_podcast_info wpb_column vc_column_container vc_col-sm-9\"><div class=\"vc_column-inner\"><div class=\"wpb_wrapper\"><div class=\"vc_acf vc_txt_align_left field_679213a31b05b\"><p>Radio Antec\u00e2mara&#8217;s residency is at the CCB!<\/p>\n<p>Using radio waves and digital circuits, R\u00e1dio Antec\u00e2mara opens up new perspectives on the built environment, questioning and expanding its meaning. It is through dialogues between architects, artists and designers, and in conversations with poets and landscape architects, between interludes made of sounds and music, that Radio Antec\u00e2mara takes a closer look at our contemporaneity.<\/p>\n<p>Around the performative and inhabited space of the studio, an elliptical route takes us into \u2018felt\u2019 territories. Walking on the ellipse becomes a pure sound experience, reminding us that the space we inhabit is not just made of walls. One of these spatial materials, which we don&#8217;t see but feel, is sound.<\/p>\n<p>By presenting this sonic dimension of space, Sound it explores the ways in which sound constructs and moulds spatial perception and experience. It&#8217;s a subjective journey to discover an invisible architecture, a space perceived sonically, an audible and emotional place.<\/p>\n<p>The Radio Antec\u00e2mara studio in the CCB&#8217;s South Garage will be open from 15 March to 4 September 2022, with an extensive programme.<\/p>\n<p>Programme: https:\/\/www.ccb.pt\/wp-content\/uploads\/2022\/03\/PROGRAMA_ONLINE_ANTECAMARA_V01.pdf<\/p>\n<p>Cover photo by Tiago Casanova<\/p>\n<\/div>\n\t<div class=\"wpb_text_column wpb_content_element \">\n\t\t<div class=\"wpb_wrapper\">\n\t\t\t<p>+ About <a href=\"https:\/\/antecamara-galeria.pt\/en\/alessia-allegri\/\">Alessia Allegri<\/a>, <a href=\"https:\/\/antecamara-galeria.pt\/en\/joao-galante\/\">Jo\u00e3o Galante<\/a>, <a href=\"https:\/\/antecamara-galeria.pt\/en\/pedro-campos-costa\/\">Pedro Campos Costa<\/a><\/p>\n\n\t\t<\/div> \n\t<\/div> <\/div><\/div><\/div><\/div><\/div><div      class=\"vc_row wpb_row section vc_row-fluid  ac_titulo_do_mesmo_programa vc_custom_1738173009023\" style=' text-align:left;'><div class=\" full_section_inner clearfix\"><div class=\"wpb_column vc_column_container vc_col-sm-12\"><div class=\"vc_column-inner\"><div class=\"wpb_wrapper\"><div      class=\"vc_row wpb_row section vc_row-fluid vc_inner \" style=' text-align:left;'><div class=\" full_section_inner clearfix\"><div class=\"wpb_column vc_column_container vc_col-sm-12\"><div class=\"vc_column-inner\"><div class=\"wpb_wrapper\">\n\t<div class=\"wpb_text_column wpb_content_element  ac_custom_grid_titulo vc_custom_1737717350576\">\n\t\t<div class=\"wpb_wrapper\">\n\t\t\t<h3 style=\"text-align: left;\">Other Exibitions<\/h3>\n\n\t\t<\/div> \n\t<\/div> \n\t<div class=\"wpb_text_column wpb_content_element  ac_grid_loja vc_custom_1737651750490\">\n\t\t<div class=\"wpb_wrapper\">\n\t\t\t<div id=\"ac_custom_expo_grid\"><\/div><button id=\"load-more-expo\" data-page=\"1\">+<\/button>\n\n\t\t<\/div> \n\t<\/div> <\/div><\/div><\/div><\/div><\/div><\/div><\/div><\/div><\/div><\/div><\/div>\n<\/div>","protected":false},"excerpt":{"rendered":"15.03.2022 \u2192 04.09.2022 Sound It. R\u00e1dio Antec\u00e2mara no CCB Alessia Allegri, Jo\u00e3o Galante, Pedro Campos Costa Radio Antec\u00e2mara&#8217;s residency is at the CCB! Using radio waves and digital circuits, R\u00e1dio Antec\u00e2mara opens up new perspectives on the built environment, questioning and expanding its meaning. It...","protected":false},"author":2,"featured_media":4520,"comment_status":"closed","ping_status":"closed","sticky":false,"template":"","format":"standard","meta":{"_acf_changed":false,"inline_featured_image":false,"footnotes":""},"categories":[162],"tags":[],"class_list":["post-4301","post","type-post","status-publish","format-standard","has-post-thumbnail","hentry","category-pagina-de-exposicao-passada-en","artistas-expostos-alessia-allegri","artistas-expostos-joao-galante","artistas-expostos-pedro-campos-costa"],"acf":[],"_links":{"self":[{"href":"https:\/\/antecamara-galeria.pt\/en\/wp-json\/wp\/v2\/posts\/4301","targetHints":{"allow":["GET"]}}],"collection":[{"href":"https:\/\/antecamara-galeria.pt\/en\/wp-json\/wp\/v2\/posts"}],"about":[{"href":"https:\/\/antecamara-galeria.pt\/en\/wp-json\/wp\/v2\/types\/post"}],"author":[{"embeddable":true,"href":"https:\/\/antecamara-galeria.pt\/en\/wp-json\/wp\/v2\/users\/2"}],"replies":[{"embeddable":true,"href":"https:\/\/antecamara-galeria.pt\/en\/wp-json\/wp\/v2\/comments?post=4301"}],"version-history":[{"count":1,"href":"https:\/\/antecamara-galeria.pt\/en\/wp-json\/wp\/v2\/posts\/4301\/revisions"}],"predecessor-version":[{"id":4302,"href":"https:\/\/antecamara-galeria.pt\/en\/wp-json\/wp\/v2\/posts\/4301\/revisions\/4302"}],"wp:featuredmedia":[{"embeddable":true,"href":"https:\/\/antecamara-galeria.pt\/en\/wp-json\/wp\/v2\/media\/4520"}],"wp:attachment":[{"href":"https:\/\/antecamara-galeria.pt\/en\/wp-json\/wp\/v2\/media?parent=4301"}],"wp:term":[{"taxonomy":"category","embeddable":true,"href":"https:\/\/antecamara-galeria.pt\/en\/wp-json\/wp\/v2\/categories?post=4301"},{"taxonomy":"post_tag","embeddable":true,"href":"https:\/\/antecamara-galeria.pt\/en\/wp-json\/wp\/v2\/tags?post=4301"}],"curies":[{"name":"wp","href":"https:\/\/api.w.org\/{rel}","templated":true}]}}