{"id":3859,"date":"2025-04-09T14:06:44","date_gmt":"2025-04-09T14:06:44","guid":{"rendered":"https:\/\/antecamara-galeria.pt\/ines-lobo\/"},"modified":"2025-04-09T14:07:05","modified_gmt":"2025-04-09T14:07:05","slug":"ines-lobo","status":"publish","type":"post","link":"https:\/\/antecamara-galeria.pt\/en\/ines-lobo\/","title":{"rendered":"In\u00eas Lobo"},"content":{"rendered":"<div class=\"wpb-content-wrapper\"><div class=\"templatera_shortcode\"><style type=\"text\/css\" data-type=\"vc_shortcodes-custom-css\">.vc_custom_1737717005730{border-color: #000000 !important;}.vc_custom_1738173041801{padding-bottom: 60px !important;}.vc_custom_1737715143263{margin-left: -30px !important;padding-top: 80px !important;padding-bottom: 20px !important;}.vc_custom_1737474738892{border-top-width: 3px !important;border-top-style: solid !important;border-color: #000000 !important;}<\/style><div      class=\"vc_row wpb_row section vc_row-fluid  h1_titulo_container vc_custom_1737717005730\" style=' text-align:left;'><div class=\" full_section_inner clearfix\"><div class=\"wpb_column vc_column_container vc_col-sm-12\"><div class=\"vc_column-inner\"><div class=\"wpb_wrapper\">\n\t<div class=\"wpb_text_column wpb_content_element \">\n\t\t<div class=\"wpb_wrapper\">\n\t\t\t<h1 style=\"text-align: right;\">In\u00eas Lobo<\/h1>\n\n\t\t<\/div> \n\t<\/div> <\/div><\/div><\/div><\/div><\/div><div      class=\"vc_row wpb_row section vc_row-fluid  ac_container_content\" style=' text-align:left;'><div class=\" full_section_inner clearfix\"><div class=\"ac_single_podcast_player wpb_column vc_column_container vc_col-sm-3\"><div class=\"vc_column-inner\"><div class=\"wpb_wrapper\">\n\t<div class=\"wpb_text_column wpb_content_element  podcast_post_image\">\n\t\t<div class=\"wpb_wrapper\">\n\t\t\t<img decoding=\"async\" src=\"https:\/\/antecamara-galeria.pt\/wp-content\/uploads\/2025\/04\/Ines-Lobo.jpg\" alt=\"In\u00eas Lobo\" class=\"post-featured-image\">\n\n\t\t<\/div> \n\t<\/div> <\/div><\/div><\/div><div class=\"ac_single_podcast_info wpb_column vc_column_container vc_col-sm-9\"><div class=\"vc_column-inner\"><div class=\"wpb_wrapper\"><div class=\"vc_acf ac_single_podcast_texto vc_txt_align_left field_678b7658454bb\"><p>In\u00eas Lobo is a Portuguese architect born in Lisbon in 1966. She graduated from the Lisbon School of Fine Arts in 1989 and began her professional career collaborating with architect Jo\u00e3o Lu\u00eds Carrilho da Gra\u00e7a between 1990 and 1996. During the same period, she began teaching architectural design at the Technical University of Lisbon. In 1996, he set up a partnership with Pedro Domingos, forming the atelier Domingos &amp; Lobo, which was active until 2001. The following year, she founded her own office, In\u00eas Lobo Arquitectos, dedicated to projects ranging from cultural and educational facilities to the requalification of urban spaces.<\/p>\n<p>Throughout her career, In\u00eas Lobo has also excelled in the academic and curatorial fields. Since 2000, she has been a guest lecturer at the Autonomous University of Lisbon. She has participated as a commissioner in the Portuguese representation at various editions of the Venice Architecture Biennale, including the 2012 edition with the \u2018Lisbon Ground\u2019 project. Her work has been recognised with awards such as the ArcVision &#8211; Women and Architecture Prize in 2014 and the AICA\/MC\/Millennium BCP Prize in 2017, awarded by the International Association of Art Critics and the Portuguese Ministry of Culture.<\/p>\n<\/div><\/div><\/div><\/div><\/div><\/div><div      class=\"vc_row wpb_row section vc_row-fluid  ac_titulo_do_mesmo_programa vc_custom_1738173041801\" style=' text-align:left;'><div class=\" full_section_inner clearfix\"><div class=\"wpb_column vc_column_container vc_col-sm-12\"><div class=\"vc_column-inner\"><div class=\"wpb_wrapper\"><div      class=\"vc_row wpb_row section vc_row-fluid vc_inner \" style=' text-align:left;'><div class=\" full_section_inner clearfix\"><div class=\"wpb_column vc_column_container vc_col-sm-12\"><div class=\"vc_column-inner\"><div class=\"wpb_wrapper\">\n\t<div class=\"wpb_text_column wpb_content_element  ac_custom_grid_titulo vc_custom_1737715143263\">\n\t\t<div class=\"wpb_wrapper\">\n\t\t\t<h3>From the Same Gest<\/h3>\n\n\t\t<\/div> \n\t<\/div> \n\t<div class=\"wpb_text_column wpb_content_element  vc_custom_1737474738892\">\n\t\t<div class=\"wpb_wrapper\">\n\t\t\t<div id=\"ac_custom_audio_grid\"><\/div><button id=\"load-more-audio\" data-page=\"1\">+<\/button>\n\n\t\t<\/div> \n\t<\/div> <\/div><\/div><\/div><\/div><\/div><\/div><\/div><\/div><\/div><\/div><\/div>\n<\/div>","protected":false},"excerpt":{"rendered":"In\u00eas Lobo In\u00eas Lobo is a Portuguese architect born in Lisbon in 1966. She graduated from the Lisbon School of Fine Arts in 1989 and began her professional career collaborating with architect Jo\u00e3o Lu\u00eds Carrilho da Gra\u00e7a between 1990 and 1996. During the same period,...","protected":false},"author":2,"featured_media":3770,"comment_status":"closed","ping_status":"closed","sticky":false,"template":"","format":"standard","meta":{"_acf_changed":false,"inline_featured_image":false,"footnotes":""},"categories":[158],"tags":[],"class_list":["post-3859","post","type-post","status-publish","format-standard","has-post-thumbnail","hentry","category-pagina-de-convidado-en","convidados-podcasts-ines-lobo"],"acf":[],"_links":{"self":[{"href":"https:\/\/antecamara-galeria.pt\/en\/wp-json\/wp\/v2\/posts\/3859","targetHints":{"allow":["GET"]}}],"collection":[{"href":"https:\/\/antecamara-galeria.pt\/en\/wp-json\/wp\/v2\/posts"}],"about":[{"href":"https:\/\/antecamara-galeria.pt\/en\/wp-json\/wp\/v2\/types\/post"}],"author":[{"embeddable":true,"href":"https:\/\/antecamara-galeria.pt\/en\/wp-json\/wp\/v2\/users\/2"}],"replies":[{"embeddable":true,"href":"https:\/\/antecamara-galeria.pt\/en\/wp-json\/wp\/v2\/comments?post=3859"}],"version-history":[{"count":1,"href":"https:\/\/antecamara-galeria.pt\/en\/wp-json\/wp\/v2\/posts\/3859\/revisions"}],"predecessor-version":[{"id":3860,"href":"https:\/\/antecamara-galeria.pt\/en\/wp-json\/wp\/v2\/posts\/3859\/revisions\/3860"}],"wp:featuredmedia":[{"embeddable":true,"href":"https:\/\/antecamara-galeria.pt\/en\/wp-json\/wp\/v2\/media\/3770"}],"wp:attachment":[{"href":"https:\/\/antecamara-galeria.pt\/en\/wp-json\/wp\/v2\/media?parent=3859"}],"wp:term":[{"taxonomy":"category","embeddable":true,"href":"https:\/\/antecamara-galeria.pt\/en\/wp-json\/wp\/v2\/categories?post=3859"},{"taxonomy":"post_tag","embeddable":true,"href":"https:\/\/antecamara-galeria.pt\/en\/wp-json\/wp\/v2\/tags?post=3859"}],"curies":[{"name":"wp","href":"https:\/\/api.w.org\/{rel}","templated":true}]}}