{"id":3257,"date":"2025-04-08T14:01:45","date_gmt":"2025-04-08T14:01:45","guid":{"rendered":"https:\/\/antecamara-galeria.pt\/fernanda-fragateiro-com-joao-mendes-ribeiro\/"},"modified":"2025-04-08T14:02:40","modified_gmt":"2025-04-08T14:02:40","slug":"fernanda-fragateiro-com-joao-mendes-ribeiro","status":"publish","type":"post","link":"https:\/\/antecamara-galeria.pt\/en\/fernanda-fragateiro-com-joao-mendes-ribeiro\/","title":{"rendered":"Fernanda Fragateiro, com Jo\u00e3o Mendes Ribeiro"},"content":{"rendered":"<div class=\"wpb-content-wrapper\"><div class=\"templatera_shortcode\"><style type=\"text\/css\" data-type=\"vc_shortcodes-custom-css\">.vc_custom_1738173046479{padding-bottom: 60px !important;}.vc_custom_1737484059307{margin-top: 0px !important;margin-right: 0px !important;margin-bottom: 0px !important;margin-left: 0px !important;border-top-width: 0px !important;border-right-width: 0px !important;border-bottom-width: 0px !important;border-left-width: 0px !important;padding-top: 0px !important;padding-right: 0px !important;padding-bottom: 0px !important;padding-left: 0px !important;background-color: #000000 !important;}.vc_custom_1737451145801{margin-bottom: 0px !important;padding-bottom: 0px !important;}.vc_custom_1737717582938{margin-left: -30px !important;padding-top: 80px !important;padding-bottom: 20px !important;}.vc_custom_1738935684648{border-top-width: 3px !important;border-top-style: solid !important;border-color: #000000 !important;}<\/style><div      class=\"vc_row wpb_row section vc_row-fluid  ac_container_content\" style=' text-align:left;'><div class=\" full_section_inner clearfix\"><div class=\"ac_single_podcast_player wpb_column vc_column_container vc_col-sm-12\"><div class=\"vc_column-inner\"><div class=\"wpb_wrapper\">\n\t<div class=\"wpb_text_column wpb_content_element  remove_popup vc_custom_1737484059307\">\n\t\t<div class=\"wpb_wrapper\">\n\t\t\t<a href=\"#\" class=\"popup-current-page\">LISTEN IN A NEW TAB<\/a>\n\n\t\t<\/div> \n\t<\/div> \n\t<div class=\"wpb_text_column wpb_content_element  ac_player_top vc_custom_1737451145801\">\n\t\t<div class=\"wpb_wrapper\">\n\t\t\t<audio class=\"wp-audio-shortcode\" id=\"audio-3257-1\" preload=\"none\" style=\"width: 100%;\" controls=\"controls\"><source type=\"audio\/mpeg\" src=\"https:\/\/cdn.transistor.fm\/file\/transistor\/m\/shows\/22380\/3dd523d9c7e7c9dabdba0ee9ae3bf9e4.mp3?_=1\" \/><a href=\"https:\/\/cdn.transistor.fm\/file\/transistor\/m\/shows\/22380\/3dd523d9c7e7c9dabdba0ee9ae3bf9e4.mp3\" target=\"_blank\" rel=\"noopener\">https:\/\/cdn.transistor.fm\/file\/transistor\/m\/shows\/22380\/3dd523d9c7e7c9dabdba0ee9ae3bf9e4.mp3<\/a><\/audio>\n\n\t\t<\/div> \n\t<\/div> <\/div><\/div><\/div><\/div><\/div><div      class=\"vc_row wpb_row section vc_row-fluid  ac_container_content2\" style=' text-align:left;'><div class=\" full_section_inner clearfix\"><div class=\"ac_single_podcast_player wpb_column vc_column_container vc_col-sm-3\"><div class=\"vc_column-inner\"><div class=\"wpb_wrapper\"><div      class=\"vc_row wpb_row section vc_row-fluid vc_inner  remove_popup disable_negative_margin\" style=' text-align:left;'><div class=\" full_section_inner clearfix\"><div class=\"wpb_column vc_column_container vc_col-sm-12\"><div class=\"vc_column-inner\"><div class=\"wpb_wrapper\">\n\t<div class=\"wpb_text_column wpb_content_element  podcast_post_image\">\n\t\t<div class=\"wpb_wrapper\">\n\t\t\t<img decoding=\"async\" src=\"https:\/\/antecamara-galeria.pt\/wp-content\/uploads\/2025\/04\/EP02.jpeg\" alt=\"Fernanda Fragateiro, com Jo\u00e3o Mendes Ribeiro\" class=\"post-featured-image\">\n\n\t\t<\/div> \n\t<\/div> <\/div><\/div><\/div><\/div><\/div><\/div><\/div><\/div><div class=\"ac_single_podcast_info wpb_column vc_column_container vc_col-sm-9\"><div class=\"vc_column-inner\"><div class=\"wpb_wrapper\"><div      class=\"vc_row wpb_row section vc_row-fluid vc_inner  disable_negative_margin\" style=' text-align:left;'><div class=\" full_section_inner clearfix\"><div class=\"wpb_column vc_column_container vc_col-sm-8\"><div class=\"vc_column-inner\"><div class=\"wpb_wrapper\">\n\t<div class=\"wpb_text_column wpb_content_element  ac_single_podcast_nome_do_programa\">\n\t\t<div class=\"wpb_wrapper\">\n\t\t\t<a href=\"https:\/\/antecamara-galeria.pt\/programas\/tela-habitada\/\" rel=\"tag\">Tela Habitada<\/a>\n\n\t\t<\/div> \n\t<\/div> <div class=\"vc_acf ac_single_podcast_numero_episodio vc_txt_align_left field_66f659d063536\">#2<\/div>\n\t<div class=\"wpb_text_column wpb_content_element  ac_single_podcast_nome_do_episodio\">\n\t\t<div class=\"wpb_wrapper\">\n\t\t\t<h1>Fernanda Fragateiro, com Jo\u00e3o Mendes Ribeiro<\/h1>\n\n\t\t<\/div> \n\t<\/div> \n\t<div class=\"wpb_text_column wpb_content_element  ac_single_podcast_texto\">\n\t\t<div class=\"wpb_wrapper\">\n\t\t\t<p>With: <a href=\"https:\/\/antecamara-galeria.pt\/en\/joao-mendes-ribeiro\/\">Jo\u00e3o Mendes Ribeiro<\/a> | By: <a href=\"https:\/\/antecamara-galeria.pt\/en\/soraia-fernandes\/\">Soraia Fernandes<\/a><\/p>\n\n\t\t<\/div> \n\t<\/div> <\/div><\/div><\/div><div class=\"siganos_label wpb_column vc_column_container vc_col-sm-4\"><div class=\"vc_column-inner\"><div class=\"wpb_wrapper\">\n\t<div class=\"wpb_text_column wpb_content_element \">\n\t\t<div class=\"wpb_wrapper\">\n\t\t\t<p style=\"text-align: right;\">Folow us:<br \/>\n<a href=\"https:\/\/open.spotify.com\/episode\/1WvCExm52zbe4ukqh2ToBZ?si=3f3dea00a59f4620\" class=\"spotify-follow-button\" target=\"_blank\" rel=\"noopener noreferrer\">Spotify<\/a><br \/>\n<a href=\"https:\/\/podcasts.apple.com\/us\/podcast\/tela-habitada-2\/id1559952349?i=1000520765950\" class=\"apple-podcast-follow-button\" target=\"_blank\" rel=\"noopener noreferrer\">Apple Podcasts<\/a><\/p>\n\n\t\t<\/div> \n\t<\/div> <\/div><\/div><\/div><\/div><\/div><div      class=\"vc_row wpb_row section vc_row-fluid vc_inner  remove_popup disable_negative_margin\" style=' text-align:left;'><div class=\" full_section_inner clearfix\"><div class=\"wpb_column vc_column_container vc_col-sm-12\"><div class=\"vc_column-inner\"><div class=\"wpb_wrapper\"><div class=\"vc_acf ac_single_podcast_texto vc_txt_align_left field_66f65a0863537\"><p>In this episode Jo\u00e3o Mendes Ribeiro talks about his relationship with Fernanda Fragateiro&#8217;s art.<\/p>\n<p>Works:<br \/>\nFernanda Fragateiro, &#8220;Caixa para guardar o vazio&#8221;, 2005<br \/>\nFernanda Fragateiro, &#8220;Cont\u00ednuo, Constru\u00eddo e Varia\u00e1vel I&#8221;, 2006<br \/>\nFernanda Fragateiro, &#8220;Ar, Terra, \u00c1gua, Luz, A\u00e7o e Tempo&#8221;, 2008<\/p>\n<p>Other artists and works mentioned in the conversation were:<br \/>\nPina Bausch, &#8220;Caf\u00e9 Muller&#8221;, photography by Paulo Pimenta<br \/>\nPedro Cabrita Reis, &#8220;A Room for a Poet&#8221;, 2000<br \/>\nDaniel Blaufuks, with Jo\u00e3o Mendes Ribeiro, &#8220;Quiosque Porto 2001&#8221;<br \/>\nCarlos Nogueira, &#8220;Casa Comprida com \u00c1rvore dentro&#8221;, 2010<\/p>\n<p>Tela Habitada will be the place for us to see art through architecture. Or, perhaps, to discover architecture in a work of art. We want to get to know the art that \u2018moves\u2019 architects, understand the vehicles of thought or even discover contaminations in the fields of action. The nature of these paths will certainly depend on each guest.<\/p>\n<\/div>\n\t<div class=\"wpb_text_column wpb_content_element \">\n\t\t<div class=\"wpb_wrapper\">\n\t\t\t<p><a href=\"https:\/\/antecamara-galeria.pt\/en\/tela-habitada\/\">+ About Tela Habitada<\/a><\/p>\n\n\t\t<\/div> \n\t<\/div> <\/div><\/div><\/div><\/div><\/div><\/div><\/div><\/div><\/div><\/div><div id=\"remove_popup_ac_grid\"     class=\"vc_row wpb_row section vc_row-fluid  ac_titulo_do_mesmo_programa vc_custom_1738173046479\" style=' text-align:left;'><div class=\" full_section_inner clearfix\"><div class=\"wpb_column vc_column_container vc_col-sm-12\"><div class=\"vc_column-inner\"><div class=\"wpb_wrapper\"><div      class=\"vc_row wpb_row section vc_row-fluid vc_inner \" style=' text-align:left;'><div class=\" full_section_inner clearfix\"><div class=\"wpb_column vc_column_container vc_col-sm-12\" id=\"ac_custom_audio_grid\"><div class=\"vc_column-inner\"><div class=\"wpb_wrapper\">\n\t<div class=\"wpb_text_column wpb_content_element  ac_custom_grid_titulo vc_custom_1737717582938\">\n\t\t<div class=\"wpb_wrapper\">\n\t\t\t<h3>From the Same Show<\/h3>\n\n\t\t<\/div> \n\t<\/div> \n\t<div class=\"wpb_text_column wpb_content_element  vc_custom_1738935684648\">\n\t\t<div class=\"wpb_wrapper\">\n\t\t\t<div id=\"ac_custom_audio_grid\"><\/div><button id=\"load-more-audio\" data-page=\"1\">+<\/button>\n\n\t\t<\/div> \n\t<\/div> <\/div><\/div><\/div><\/div><\/div><\/div><\/div><\/div><\/div><\/div><\/div>\n<\/div>","protected":false},"excerpt":{"rendered":"Tela Habitada Tela Habitada will be the place to see art through architecture. Or perhaps to discover architecture in a work of art. We want to get to know the art that \u2018moves\u2019 architects, understand the vehicles of thought or even discover contaminations in the...","protected":false},"author":2,"featured_media":3236,"comment_status":"closed","ping_status":"closed","sticky":false,"template":"","format":"standard","meta":{"_acf_changed":false,"inline_featured_image":false,"footnotes":""},"categories":[159],"tags":[],"class_list":["post-3257","post","type-post","status-publish","format-standard","has-post-thumbnail","hentry","category-pagina-de-episodio-en","convidados-podcasts-joao-mendes-ribeiro","autores-podcasts-soraia-fernandes","programas-tela-habitada"],"acf":[],"_links":{"self":[{"href":"https:\/\/antecamara-galeria.pt\/en\/wp-json\/wp\/v2\/posts\/3257","targetHints":{"allow":["GET"]}}],"collection":[{"href":"https:\/\/antecamara-galeria.pt\/en\/wp-json\/wp\/v2\/posts"}],"about":[{"href":"https:\/\/antecamara-galeria.pt\/en\/wp-json\/wp\/v2\/types\/post"}],"author":[{"embeddable":true,"href":"https:\/\/antecamara-galeria.pt\/en\/wp-json\/wp\/v2\/users\/2"}],"replies":[{"embeddable":true,"href":"https:\/\/antecamara-galeria.pt\/en\/wp-json\/wp\/v2\/comments?post=3257"}],"version-history":[{"count":1,"href":"https:\/\/antecamara-galeria.pt\/en\/wp-json\/wp\/v2\/posts\/3257\/revisions"}],"predecessor-version":[{"id":3258,"href":"https:\/\/antecamara-galeria.pt\/en\/wp-json\/wp\/v2\/posts\/3257\/revisions\/3258"}],"wp:featuredmedia":[{"embeddable":true,"href":"https:\/\/antecamara-galeria.pt\/en\/wp-json\/wp\/v2\/media\/3236"}],"wp:attachment":[{"href":"https:\/\/antecamara-galeria.pt\/en\/wp-json\/wp\/v2\/media?parent=3257"}],"wp:term":[{"taxonomy":"category","embeddable":true,"href":"https:\/\/antecamara-galeria.pt\/en\/wp-json\/wp\/v2\/categories?post=3257"},{"taxonomy":"post_tag","embeddable":true,"href":"https:\/\/antecamara-galeria.pt\/en\/wp-json\/wp\/v2\/tags?post=3257"}],"curies":[{"name":"wp","href":"https:\/\/api.w.org\/{rel}","templated":true}]}}