{"id":2537,"date":"2025-04-01T15:15:12","date_gmt":"2025-04-01T15:15:12","guid":{"rendered":"https:\/\/antecamara-galeria.pt\/paulo-romao-bras\/"},"modified":"2025-04-01T15:15:47","modified_gmt":"2025-04-01T15:15:47","slug":"paulo-romao-bras","status":"publish","type":"post","link":"https:\/\/antecamara-galeria.pt\/en\/paulo-romao-bras\/","title":{"rendered":"Paulo Rom\u00e3o Br\u00e1s"},"content":{"rendered":"<div class=\"wpb-content-wrapper\"><div class=\"templatera_shortcode\"><style type=\"text\/css\" data-type=\"vc_shortcodes-custom-css\">.vc_custom_1737717005730{border-color: #000000 !important;}.vc_custom_1738173041801{padding-bottom: 60px !important;}.vc_custom_1737715143263{margin-left: -30px !important;padding-top: 80px !important;padding-bottom: 20px !important;}.vc_custom_1737474738892{border-top-width: 3px !important;border-top-style: solid !important;border-color: #000000 !important;}<\/style><div      class=\"vc_row wpb_row section vc_row-fluid  h1_titulo_container vc_custom_1737717005730\" style=' text-align:left;'><div class=\" full_section_inner clearfix\"><div class=\"wpb_column vc_column_container vc_col-sm-12\"><div class=\"vc_column-inner\"><div class=\"wpb_wrapper\">\n\t<div class=\"wpb_text_column wpb_content_element \">\n\t\t<div class=\"wpb_wrapper\">\n\t\t\t<h1 style=\"text-align: right;\">Paulo Rom\u00e3o Br\u00e1s<\/h1>\n\n\t\t<\/div> \n\t<\/div> <\/div><\/div><\/div><\/div><\/div><div      class=\"vc_row wpb_row section vc_row-fluid  ac_container_content\" style=' text-align:left;'><div class=\" full_section_inner clearfix\"><div class=\"ac_single_podcast_player wpb_column vc_column_container vc_col-sm-3\"><div class=\"vc_column-inner\"><div class=\"wpb_wrapper\">\n\t<div class=\"wpb_text_column wpb_content_element  podcast_post_image\">\n\t\t<div class=\"wpb_wrapper\">\n\t\t\t<img decoding=\"async\" src=\"https:\/\/antecamara-galeria.pt\/wp-content\/uploads\/2025\/04\/Paulo-Romao-Bras.jpg\" alt=\"Paulo Rom\u00e3o Br\u00e1s\" class=\"post-featured-image\">\n\n\t\t<\/div> \n\t<\/div> <\/div><\/div><\/div><div class=\"ac_single_podcast_info wpb_column vc_column_container vc_col-sm-9\"><div class=\"vc_column-inner\"><div class=\"wpb_wrapper\"><div class=\"vc_acf ac_single_podcast_texto vc_txt_align_left field_678b7658454bb\"><p>Paulo Rom\u00e3o Br\u00e1s was born in Portalegre but soon swapped the rolling fields of the Alentejo for a view of the gentle waves of the Tagus. Lisbon is where he lives, works and trained at the E.S. de Comunica\u00e7\u00e3o Social and AR.CO. He has been exhibiting regularly, individually and collectively, since 1997. He is the founder and editor of the magazines Base, N\u00famero and A Morte do Artista, and a contributor to the magazines Magn\u00e9tica, Op. He is the author of the books Dark Parables (2015) and O Ciclo Curvo das Noites with J.E. Ferreira (2019).<\/p>\n<\/div><\/div><\/div><\/div><\/div><\/div><div      class=\"vc_row wpb_row section vc_row-fluid  ac_titulo_do_mesmo_programa vc_custom_1738173041801\" style=' text-align:left;'><div class=\" full_section_inner clearfix\"><div class=\"wpb_column vc_column_container vc_col-sm-12\"><div class=\"vc_column-inner\"><div class=\"wpb_wrapper\"><div      class=\"vc_row wpb_row section vc_row-fluid vc_inner \" style=' text-align:left;'><div class=\" full_section_inner clearfix\"><div class=\"wpb_column vc_column_container vc_col-sm-12\"><div class=\"vc_column-inner\"><div class=\"wpb_wrapper\">\n\t<div class=\"wpb_text_column wpb_content_element  ac_custom_grid_titulo vc_custom_1737715143263\">\n\t\t<div class=\"wpb_wrapper\">\n\t\t\t<h3>From the Same Gest<\/h3>\n\n\t\t<\/div> \n\t<\/div> \n\t<div class=\"wpb_text_column wpb_content_element  vc_custom_1737474738892\">\n\t\t<div class=\"wpb_wrapper\">\n\t\t\t<div id=\"ac_custom_audio_grid\"><\/div><button id=\"load-more-audio\" data-page=\"1\">+<\/button>\n\n\t\t<\/div> \n\t<\/div> <\/div><\/div><\/div><\/div><\/div><\/div><\/div><\/div><\/div><\/div><\/div>\n<\/div>","protected":false},"excerpt":{"rendered":"Paulo Rom\u00e3o Br\u00e1s Paulo Rom\u00e3o Br\u00e1s was born in Portalegre but soon swapped the rolling fields of the Alentejo for a view of the gentle waves of the Tagus. Lisbon is where he lives, works and trained at the E.S. de Comunica\u00e7\u00e3o Social and AR.CO....","protected":false},"author":2,"featured_media":2524,"comment_status":"closed","ping_status":"closed","sticky":false,"template":"","format":"standard","meta":{"_acf_changed":false,"inline_featured_image":false,"footnotes":""},"categories":[158],"tags":[],"class_list":["post-2537","post","type-post","status-publish","format-standard","has-post-thumbnail","hentry","category-pagina-de-convidado-en","convidados-podcasts-paulo-romao-bras"],"acf":[],"_links":{"self":[{"href":"https:\/\/antecamara-galeria.pt\/en\/wp-json\/wp\/v2\/posts\/2537","targetHints":{"allow":["GET"]}}],"collection":[{"href":"https:\/\/antecamara-galeria.pt\/en\/wp-json\/wp\/v2\/posts"}],"about":[{"href":"https:\/\/antecamara-galeria.pt\/en\/wp-json\/wp\/v2\/types\/post"}],"author":[{"embeddable":true,"href":"https:\/\/antecamara-galeria.pt\/en\/wp-json\/wp\/v2\/users\/2"}],"replies":[{"embeddable":true,"href":"https:\/\/antecamara-galeria.pt\/en\/wp-json\/wp\/v2\/comments?post=2537"}],"version-history":[{"count":1,"href":"https:\/\/antecamara-galeria.pt\/en\/wp-json\/wp\/v2\/posts\/2537\/revisions"}],"predecessor-version":[{"id":2538,"href":"https:\/\/antecamara-galeria.pt\/en\/wp-json\/wp\/v2\/posts\/2537\/revisions\/2538"}],"wp:featuredmedia":[{"embeddable":true,"href":"https:\/\/antecamara-galeria.pt\/en\/wp-json\/wp\/v2\/media\/2524"}],"wp:attachment":[{"href":"https:\/\/antecamara-galeria.pt\/en\/wp-json\/wp\/v2\/media?parent=2537"}],"wp:term":[{"taxonomy":"category","embeddable":true,"href":"https:\/\/antecamara-galeria.pt\/en\/wp-json\/wp\/v2\/categories?post=2537"},{"taxonomy":"post_tag","embeddable":true,"href":"https:\/\/antecamara-galeria.pt\/en\/wp-json\/wp\/v2\/tags?post=2537"}],"curies":[{"name":"wp","href":"https:\/\/api.w.org\/{rel}","templated":true}]}}