{"id":2047,"date":"2025-02-17T16:11:54","date_gmt":"2025-02-17T16:11:54","guid":{"rendered":"https:\/\/antecamara-galeria.pt\/luciana-fina\/"},"modified":"2025-04-16T13:09:11","modified_gmt":"2025-04-16T13:09:11","slug":"luciana-fina","status":"publish","type":"post","link":"https:\/\/antecamara-galeria.pt\/en\/luciana-fina\/","title":{"rendered":"Luciana Fina"},"content":{"rendered":"<div class=\"wpb-content-wrapper\"><div class=\"templatera_shortcode\"><style type=\"text\/css\" data-type=\"vc_shortcodes-custom-css\">.vc_custom_1737658658788{border-color: #000000 !important;}.vc_custom_1738173036213{padding-bottom: 60px !important;}.vc_custom_1737717561338{margin-left: -30px !important;padding-top: 80px !important;padding-bottom: 20px !important;}.vc_custom_1737474749978{border-top-width: 3px !important;border-top-style: solid !important;border-color: #000000 !important;}<\/style><div      class=\"vc_row wpb_row section vc_row-fluid  h1_titulo_container vc_custom_1737658658788\" style=' text-align:left;'><div class=\" full_section_inner clearfix\"><div class=\"wpb_column vc_column_container vc_col-sm-12\"><div class=\"vc_column-inner\"><div class=\"wpb_wrapper\">\n\t<div class=\"wpb_text_column wpb_content_element \">\n\t\t<div class=\"wpb_wrapper\">\n\t\t\t<h1 style=\"text-align: right;\">Luciana Fina<\/h1>\n\n\t\t<\/div> \n\t<\/div> <\/div><\/div><\/div><\/div><\/div><div      class=\"vc_row wpb_row section vc_row-fluid  ac_container_content\" style=' text-align:left;'><div class=\" full_section_inner clearfix\"><div class=\"ac_single_podcast_player wpb_column vc_column_container vc_col-sm-3\"><div class=\"vc_column-inner\"><div class=\"wpb_wrapper\">\n\t<div class=\"wpb_text_column wpb_content_element  podcast_post_image\">\n\t\t<div class=\"wpb_wrapper\">\n\t\t\t<img decoding=\"async\" src=\"https:\/\/antecamara-galeria.pt\/wp-content\/uploads\/2025\/02\/LUCIANA-FINA.png\" alt=\"Luciana Fina\" class=\"post-featured-image\">\n\n\t\t<\/div> \n\t<\/div> <\/div><\/div><\/div><div class=\"ac_single_podcast_info wpb_column vc_column_container vc_col-sm-9\"><div class=\"vc_column-inner\"><div class=\"wpb_wrapper\"><div class=\"vc_acf vc_txt_align_left field_678d2b23b89c8\"><p>Luciana Fina was born in Italy and has lived and worked in Lisbon since 1991. A filmmaker and artist, she has developed an extensive body of work for cinemas, museums, galleries and the stage.<br \/>\nAfter a long collaboration with the Cinemateca Portuguesa in programming, she made her first film in 1998, as part of the generation that gave new life to documentaries in Portugal. Between 2002 and 2003, with the installation CCM at the Gulbenkian Foundation and the triptych CHANTportraits at the Museu do Chiado, focusing on the themes of migration and portraiture, he began his career in exhibition spaces.<br \/>\nHis films, film installations and site-specific works have been shown internationally at film festivals and exhibitions. His work is represented in the Modern Collection of the Calouste Gulbenkian Museum and Nouveaux Medias at the Centre Georges Pompidou.<br \/>\nIn 2014, the documentary In Medias Res, about Manuel Tainha&#8217;s thought and work, was awarded Best Portuguese Film at the Arquiteturas Film Festival and an Honourable Mention at the Temps d&#8217;Images Film on Art Award.<br \/>\nIn 2021 he presented a new installation work, Andr\u00f3meda, in a solo exhibition at Carpintarias de S\u00e3o L\u00e1zaro \/ Festival Temps d&#8217;Images.<\/p>\n<\/div><\/div><\/div><\/div><\/div><\/div><div      class=\"vc_row wpb_row section vc_row-fluid  ac_titulo_do_mesmo_programa vc_custom_1738173036213\" style=' text-align:left;'><div class=\" full_section_inner clearfix\"><div class=\"wpb_column vc_column_container vc_col-sm-12\"><div class=\"vc_column-inner\"><div class=\"wpb_wrapper\"><div      class=\"vc_row wpb_row section vc_row-fluid vc_inner \" style=' text-align:left;'><div class=\" full_section_inner clearfix\"><div class=\"wpb_column vc_column_container vc_col-sm-12\"><div class=\"vc_column-inner\"><div class=\"wpb_wrapper\">\n\t<div class=\"wpb_text_column wpb_content_element  ac_custom_grid_titulo vc_custom_1737717561338\">\n\t\t<div class=\"wpb_wrapper\">\n\t\t\t<h3>Episodes<\/h3>\n\n\t\t<\/div> \n\t<\/div> \n\t<div class=\"wpb_text_column wpb_content_element  vc_custom_1737474749978\">\n\t\t<div class=\"wpb_wrapper\">\n\t\t\t<div id=\"ac_custom_audio_grid\"><\/div><button id=\"load-more-audio\" data-page=\"1\">+<\/button>\n\n\t\t<\/div> \n\t<\/div> <\/div><\/div><\/div><\/div><\/div><\/div><\/div><\/div><\/div><\/div><\/div>\n<\/div>","protected":false},"excerpt":{"rendered":"Luciana Fina Luciana Fina was born in Italy and has lived and worked in Lisbon since 1991. A filmmaker and artist, she has developed an extensive body of work for cinemas, museums, galleries and the stage. After a long collaboration with the Cinemateca Portuguesa in...","protected":false},"author":2,"featured_media":2043,"comment_status":"closed","ping_status":"closed","sticky":false,"template":"","format":"standard","meta":{"_acf_changed":false,"inline_featured_image":false,"footnotes":""},"categories":[165,158],"tags":[],"class_list":["post-2047","post","type-post","status-publish","format-standard","has-post-thumbnail","hentry","category-pagina-de-autor-en","category-pagina-de-convidado-en","autores-podcasts-luciana-fina"],"acf":[],"_links":{"self":[{"href":"https:\/\/antecamara-galeria.pt\/en\/wp-json\/wp\/v2\/posts\/2047","targetHints":{"allow":["GET"]}}],"collection":[{"href":"https:\/\/antecamara-galeria.pt\/en\/wp-json\/wp\/v2\/posts"}],"about":[{"href":"https:\/\/antecamara-galeria.pt\/en\/wp-json\/wp\/v2\/types\/post"}],"author":[{"embeddable":true,"href":"https:\/\/antecamara-galeria.pt\/en\/wp-json\/wp\/v2\/users\/2"}],"replies":[{"embeddable":true,"href":"https:\/\/antecamara-galeria.pt\/en\/wp-json\/wp\/v2\/comments?post=2047"}],"version-history":[{"count":2,"href":"https:\/\/antecamara-galeria.pt\/en\/wp-json\/wp\/v2\/posts\/2047\/revisions"}],"predecessor-version":[{"id":5558,"href":"https:\/\/antecamara-galeria.pt\/en\/wp-json\/wp\/v2\/posts\/2047\/revisions\/5558"}],"wp:featuredmedia":[{"embeddable":true,"href":"https:\/\/antecamara-galeria.pt\/en\/wp-json\/wp\/v2\/media\/2043"}],"wp:attachment":[{"href":"https:\/\/antecamara-galeria.pt\/en\/wp-json\/wp\/v2\/media?parent=2047"}],"wp:term":[{"taxonomy":"category","embeddable":true,"href":"https:\/\/antecamara-galeria.pt\/en\/wp-json\/wp\/v2\/categories?post=2047"},{"taxonomy":"post_tag","embeddable":true,"href":"https:\/\/antecamara-galeria.pt\/en\/wp-json\/wp\/v2\/tags?post=2047"}],"curies":[{"name":"wp","href":"https:\/\/api.w.org\/{rel}","templated":true}]}}