{"id":1422,"date":"2025-01-16T14:21:55","date_gmt":"2025-01-16T14:21:55","guid":{"rendered":"https:\/\/antecamara-galeria.pt\/toponimia-musical\/"},"modified":"2025-04-03T14:18:14","modified_gmt":"2025-04-03T14:18:14","slug":"toponimia-musical","status":"publish","type":"post","link":"https:\/\/antecamara-galeria.pt\/en\/toponimia-musical\/","title":{"rendered":"Topon\u00edmia Musical"},"content":{"rendered":"<div class=\"wpb-content-wrapper\"><div class=\"templatera_shortcode\"><style type=\"text\/css\" data-type=\"vc_shortcodes-custom-css\">.vc_custom_1737658642609{border-color: #000000 !important;}.vc_custom_1738173031134{padding-bottom: 60px !important;}.vc_custom_1737717550111{margin-left: -30px !important;padding-top: 80px !important;padding-bottom: 20px !important;}.vc_custom_1737474760282{border-top-width: 3px !important;border-top-style: solid !important;border-color: #000000 !important;}<\/style><div      class=\"vc_row wpb_row section vc_row-fluid  h1_titulo_container vc_custom_1737658642609\" style=' text-align:left;'><div class=\" full_section_inner clearfix\"><div class=\"wpb_column vc_column_container vc_col-sm-12\"><div class=\"vc_column-inner\"><div class=\"wpb_wrapper\">\n\t<div class=\"wpb_text_column wpb_content_element \">\n\t\t<div class=\"wpb_wrapper\">\n\t\t\t<h1 style=\"text-align: right;\">Topon\u00edmia Musical<\/h1>\n\n\t\t<\/div> \n\t<\/div> <\/div><\/div><\/div><\/div><\/div><div      class=\"vc_row wpb_row section vc_row-fluid  ac_container_content\" style=' text-align:left;'><div class=\" full_section_inner clearfix\"><div class=\"ac_single_podcast_player wpb_column vc_column_container vc_col-sm-3\"><div class=\"vc_column-inner\"><div class=\"wpb_wrapper\">\n\t<div class=\"wpb_text_column wpb_content_element  podcast_post_image\">\n\t\t<div class=\"wpb_wrapper\">\n\t\t\t<img decoding=\"async\" src=\"https:\/\/antecamara-galeria.pt\/wp-content\/uploads\/2025\/01\/CAPA-scaled.jpg\" alt=\"Topon\u00edmia Musical\" class=\"post-featured-image\">\n\n\t\t<\/div> \n\t<\/div> <\/div><\/div><\/div><div class=\"ac_single_podcast_info wpb_column vc_column_container vc_col-sm-9\"><div class=\"vc_column-inner\"><div class=\"wpb_wrapper\"><div class=\"vc_acf vc_txt_align_left field_678fb776125f8\"><p>There are more than 90 place names honouring musicians (composers, singers, singers, instrumentalists, conductors, musicologists and pedagogues), almost all of them Portuguese, spread across four parishes in the city of Lisbon. Every day, we Lisboetas walk through streets, boulevards, lanes, gardens, squares and pracetas that honour figures who are mostly unknown to us.<br \/>\nHow many times have you walked past Travessa Guilherme Cossoul without wondering who this violinist and composer was? Did you know that Pra\u00e7a da Alegria is also called Jardim Alfredo Keil and that he was a painter and composer who composed the national anthem? Do you know the story of Carlos Seixas, a great Portuguese Baroque composer who lived near Lisbon Cathedral and was Lisbon&#8217;s Almotac\u00e9 for six years? Did you know that Alto do Lumiar is home to a toponymic centre linked to music where you can find seven streets named after Portuguese musicians around a main artery called Alameda da M\u00fasica? Do you know the story of the great opera singer Lu\u00edsa Todi, who, despite being from Set\u00fabal, lived in at least six different places in the capital, all of them in Bairro Alto, namely at no. 2 of what was then known as Travessa da Estrela, the street where she was perpetuated?<br \/>\nDuring the Estado Novo period, many toponyms related to music were attributed, especially in areas of urban growth, such as Alvalade. This programme is an invitation to take a stroll through the parish of Alvalade with the aim of discovering the streets and, at the same time, the life and work of the fifteen musicians enshrined on their toponymic plaques. There are ten episodes to cover an itinerary of approximately five kilometres to the sound of the most varied music, as crossing each street will take us on a journey through its own very special soundtrack.<\/p>\n<p>Joana Rolo comes from a family of architects, but she is also a pianist with a degree in Art History and has dedicated her life to music and art education. She lives between Rotterdam and Lisbon and continues to stubbornly do too many things at once. Topon\u00edmia Musical is his second radio adventure, after \u2018As Not\u00e1veis\u2019 for Antena 2.<\/p>\n<p>This programme is soundtracked by Miguel Serr\u00e3o.<\/p>\n<\/div>\n\t<div class=\"wpb_text_column wpb_content_element  siganos_label\">\n\t\t<div class=\"wpb_wrapper\">\n\t\t\t<p style=\"text-align: left;\">Follow us:<br \/>\n<a href=\"https:\/\/open.spotify.com\/show\/1HwR0afF4seXBjjzqaBQBm\" class=\"spotify-follow-button\" target=\"_blank\" rel=\"noopener noreferrer\">Spotify<\/a><br \/>\n<a href=\"https:\/\/podcasts.apple.com\/us\/podcast\/topon\u00edmia-musical\/id1609870744\" class=\"apple-podcast-follow-button\" target=\"_blank\" rel=\"noopener noreferrer\">Apple Podcasts<\/a><\/p>\n\n\t\t<\/div> \n\t<\/div> <\/div><\/div><\/div><\/div><\/div><div      class=\"vc_row wpb_row section vc_row-fluid  ac_titulo_do_mesmo_programa vc_custom_1738173031134\" style=' text-align:left;'><div class=\" full_section_inner clearfix\"><div class=\"wpb_column vc_column_container vc_col-sm-12\"><div class=\"vc_column-inner\"><div class=\"wpb_wrapper\"><div      class=\"vc_row wpb_row section vc_row-fluid vc_inner \" style=' text-align:left;'><div class=\" full_section_inner clearfix\"><div class=\"wpb_column vc_column_container vc_col-sm-12\"><div class=\"vc_column-inner\"><div class=\"wpb_wrapper\">\n\t<div class=\"wpb_text_column wpb_content_element  ac_custom_grid_titulo vc_custom_1737717550111\">\n\t\t<div class=\"wpb_wrapper\">\n\t\t\t<h3>Episodes<\/h3>\n\n\t\t<\/div> \n\t<\/div> \n\t<div class=\"wpb_text_column wpb_content_element  vc_custom_1737474760282\">\n\t\t<div class=\"wpb_wrapper\">\n\t\t\t<div id=\"ac_custom_audio_grid\"><\/div><button id=\"load-more-audio\" data-page=\"1\">+<\/button>\n\n\t\t<\/div> \n\t<\/div> <\/div><\/div><\/div><\/div><\/div><\/div><\/div><\/div><\/div><\/div><\/div>\n<\/div>","protected":false},"excerpt":{"rendered":"Topon\u00edmia Musical There are more than 90 place names honouring musicians (composers, singers, singers, instrumentalists, conductors, musicologists and pedagogues), almost all of them Portuguese, spread across four parishes in the city of Lisbon. Every day, we Lisboetas walk through streets, boulevards, lanes, gardens, squares and...","protected":false},"author":1,"featured_media":2949,"comment_status":"closed","ping_status":"closed","sticky":false,"template":"","format":"standard","meta":{"_acf_changed":false,"inline_featured_image":false,"footnotes":""},"categories":[164],"tags":[],"class_list":["post-1422","post","type-post","status-publish","format-standard","has-post-thumbnail","hentry","category-pagina-de-programa-en","programas-toponimia-musical"],"acf":[],"_links":{"self":[{"href":"https:\/\/antecamara-galeria.pt\/en\/wp-json\/wp\/v2\/posts\/1422","targetHints":{"allow":["GET"]}}],"collection":[{"href":"https:\/\/antecamara-galeria.pt\/en\/wp-json\/wp\/v2\/posts"}],"about":[{"href":"https:\/\/antecamara-galeria.pt\/en\/wp-json\/wp\/v2\/types\/post"}],"author":[{"embeddable":true,"href":"https:\/\/antecamara-galeria.pt\/en\/wp-json\/wp\/v2\/users\/1"}],"replies":[{"embeddable":true,"href":"https:\/\/antecamara-galeria.pt\/en\/wp-json\/wp\/v2\/comments?post=1422"}],"version-history":[{"count":2,"href":"https:\/\/antecamara-galeria.pt\/en\/wp-json\/wp\/v2\/posts\/1422\/revisions"}],"predecessor-version":[{"id":2972,"href":"https:\/\/antecamara-galeria.pt\/en\/wp-json\/wp\/v2\/posts\/1422\/revisions\/2972"}],"wp:featuredmedia":[{"embeddable":true,"href":"https:\/\/antecamara-galeria.pt\/en\/wp-json\/wp\/v2\/media\/2949"}],"wp:attachment":[{"href":"https:\/\/antecamara-galeria.pt\/en\/wp-json\/wp\/v2\/media?parent=1422"}],"wp:term":[{"taxonomy":"category","embeddable":true,"href":"https:\/\/antecamara-galeria.pt\/en\/wp-json\/wp\/v2\/categories?post=1422"},{"taxonomy":"post_tag","embeddable":true,"href":"https:\/\/antecamara-galeria.pt\/en\/wp-json\/wp\/v2\/tags?post=1422"}],"curies":[{"name":"wp","href":"https:\/\/api.w.org\/{rel}","templated":true}]}}