{"id":1349,"date":"2025-01-23T14:44:30","date_gmt":"2025-01-23T14:44:30","guid":{"rendered":"https:\/\/antecamara-galeria.pt\/homeland-news-from-portugal-10-anos\/"},"modified":"2025-01-23T14:44:30","modified_gmt":"2025-01-23T14:44:30","slug":"homeland-news-from-portugal-10-anos","status":"publish","type":"post","link":"https:\/\/antecamara-galeria.pt\/en\/homeland-news-from-portugal-10-anos\/","title":{"rendered":"HOMELAND | News from Portugal | 10 anos"},"content":{"rendered":"<div class=\"wpb-content-wrapper\"><div class=\"templatera_shortcode\"><style type=\"text\/css\" data-type=\"vc_shortcodes-custom-css\">.vc_custom_1737657677248{border-color: #000000 !important;}.vc_custom_1738173009023{padding-bottom: 60px !important;}.vc_custom_1737647661645{margin-bottom: -1.4vw !important;}.vc_custom_1737647647658{margin-bottom: -30px !important;}.vc_custom_1737717350576{margin-left: -30px !important;padding-top: 80px !important;padding-bottom: 20px !important;}.vc_custom_1737651750490{border-top-width: 3px !important;border-top-style: solid !important;border-color: #000000 !important;}<\/style><div      class=\"vc_row wpb_row section vc_row-fluid  h1_titulo_container vc_custom_1737657677248\" style=' text-align:left;'><div class=\" full_section_inner clearfix\"><div class=\"wpb_column vc_column_container vc_col-sm-12\"><div class=\"vc_column-inner\"><div class=\"wpb_wrapper\">\n\t<div class=\"wpb_text_column wpb_content_element  vc_custom_1737647661645\">\n\t\t<div class=\"wpb_wrapper\">\n\t\t\t<p style=\"text-align: right;\">04\/10\/2024 \u2192 06\/12\/2024<\/p>\n\n\t\t<\/div> \n\t<\/div> \n\t<div class=\"wpb_text_column wpb_content_element \">\n\t\t<div class=\"wpb_wrapper\">\n\t\t\t<h1 style=\"text-align: right;\">HOMELAND | News from Portugal | 10 anos<\/h1>\n\n\t\t<\/div> \n\t<\/div> \n\t<div class=\"wpb_text_column wpb_content_element  ac_artista vc_custom_1737647647658\">\n\t\t<div class=\"wpb_wrapper\">\n\t\t\t<p style=\"text-align: right;\"><a href=\"https:\/\/antecamara-galeria.pt\/en\/homeland\/\">Homeland<\/a><\/p>\n\n\t\t<\/div> \n\t<\/div> <\/div><\/div><\/div><\/div><\/div><div      class=\"vc_row wpb_row section vc_row-fluid  ac_container_content\" style=' text-align:left;'><div class=\" full_section_inner clearfix\"><div class=\"ac_single_podcast_player wpb_column vc_column_container vc_col-sm-12\"><div class=\"vc_column-inner\"><div class=\"wpb_wrapper\">\n\t<div class=\"wpb_text_column wpb_content_element  ac_expo_galeria\">\n\t\t<div class=\"wpb_wrapper\">\n\t\t\t        \n\n\t\t<\/div> \n\t<\/div> <\/div><\/div><\/div><\/div><\/div><div      class=\"vc_row wpb_row section vc_row-fluid  ac_container_content\" style=' text-align:left;'><div class=\" full_section_inner clearfix\"><div class=\"ac_single_podcast_player wpb_column vc_column_container vc_col-sm-3\"><div class=\"vc_column-inner\"><div class=\"wpb_wrapper\">\n\t<div class=\"wpb_text_column wpb_content_element  podcast_post_image\">\n\t\t<div class=\"wpb_wrapper\">\n\t\t\t<img decoding=\"async\" src=\"https:\/\/antecamara-galeria.pt\/wp-content\/uploads\/2025\/01\/homeland-01-1.jpg\" alt=\"HOMELAND | News from Portugal | 10 anos\" class=\"post-featured-image\">\n\n\t\t<\/div> \n\t<\/div> <\/div><\/div><\/div><div class=\"ac_single_podcast_info wpb_column vc_column_container vc_col-sm-9\"><div class=\"vc_column-inner\"><div class=\"wpb_wrapper\"><div class=\"vc_acf vc_txt_align_left field_679213a31b05b\"><p>Faz agora dez anos, 2014-2024, da 14\u00aa Representa\u00e7\u00e3o Portuguesa na Biennale di Architettura di Veneza, onde Portugal foi representado pelo projeto Homeland, News from Portugal. A representa\u00e7\u00e3o portuguesa teve a curadoria de Pedro Campos Costa que prop\u00f4s um formato expositivo n\u00e3o convencional, n\u00e3o apenas pela forma de comunica\u00e7\u00e3o (jornal), mas tamb\u00e9m pela in\u00e9dita reflex\u00e3o cr\u00edtica sobre o tema da habita\u00e7\u00e3o, reflexo social e cultural das vidas que abriga. Embora a habita\u00e7\u00e3o n\u00e3o estivesse inclu\u00edda na agenda medi\u00e1tica era a base dessa reflex\u00e3o sobre a crise social e econ\u00f3mica do momento.<br \/>\nEm 2014 foram lan\u00e7ados tr\u00eas n\u00fameros do jornal, que foi distribu\u00eddo por v\u00e1rias m\u00e1quinas de distribui\u00e7\u00e3o localizadas no Arsenal. Deste modo, cada visitante passava e recolhia o jornal, fazendo com que a representa\u00e7\u00e3o portuguesa se disseminasse por toda a Bienal (e para al\u00e9m dos recintos expositivos). Os conte\u00fados originais do jornal Homeland foram cuidadosamente elaborados por uma equipa pluridisciplinar, reunindo cerca de 60 profissionais das mais diversas \u00e1reas \u2014 arquitetura, economia, sociologia, geografia, hist\u00f3ria, antropologia, fotografia, direito e design. Cada contribui\u00e7\u00e3o trouxe uma nova perspetiva sobre um problema que, se j\u00e1 era urgente em 2014, tornou-se ainda mais premente com o passar dos anos.<\/p>\n<p>Por estas raz\u00f5es, sentimos que \u00e9 nossa responsabilidade celebrar os dez anos do Homeland. N\u00e3o s\u00f3 por celebrar aquilo que foi um formato de representa\u00e7\u00e3o diferente de Portugal em Veneza, mas tamb\u00e9m como uma oportunidade para debater e refletir sobre os desafios enfrentados na \u00faltima d\u00e9cada e aqueles que ainda est\u00e3o por vir. A partir da perenidade paradoxal de um jornal, um peri\u00f3dico que permanece, iremos fazer um balan\u00e7o do passado para podermos idealizar o futuro.<\/p>\n<\/div>\n\t<div class=\"wpb_text_column wpb_content_element \">\n\t\t<div class=\"wpb_wrapper\">\n\t\t\t<p>+ About <a href=\"https:\/\/antecamara-galeria.pt\/en\/homeland\/\">Homeland<\/a><\/p>\n\n\t\t<\/div> \n\t<\/div> <\/div><\/div><\/div><\/div><\/div><div      class=\"vc_row wpb_row section vc_row-fluid  ac_titulo_do_mesmo_programa vc_custom_1738173009023\" style=' text-align:left;'><div class=\" full_section_inner clearfix\"><div class=\"wpb_column vc_column_container vc_col-sm-12\"><div class=\"vc_column-inner\"><div class=\"wpb_wrapper\"><div      class=\"vc_row wpb_row section vc_row-fluid vc_inner \" style=' text-align:left;'><div class=\" full_section_inner clearfix\"><div class=\"wpb_column vc_column_container vc_col-sm-12\"><div class=\"vc_column-inner\"><div class=\"wpb_wrapper\">\n\t<div class=\"wpb_text_column wpb_content_element  ac_custom_grid_titulo vc_custom_1737717350576\">\n\t\t<div class=\"wpb_wrapper\">\n\t\t\t<h3 style=\"text-align: left;\">Other Exibitions<\/h3>\n\n\t\t<\/div> \n\t<\/div> \n\t<div class=\"wpb_text_column wpb_content_element  ac_grid_loja vc_custom_1737651750490\">\n\t\t<div class=\"wpb_wrapper\">\n\t\t\t<div id=\"ac_custom_expo_grid\"><\/div><button id=\"load-more-expo\" data-page=\"1\">+<\/button>\n\n\t\t<\/div> \n\t<\/div> <\/div><\/div><\/div><\/div><\/div><\/div><\/div><\/div><\/div><\/div><\/div>\n<\/div>","protected":false},"excerpt":{"rendered":"04\/10\/2024 \u2192 06\/12\/2024 HOMELAND | News from Portugal | 10 anos Homeland Faz agora dez anos, 2014-2024, da 14\u00aa Representa\u00e7\u00e3o Portuguesa na Biennale di Architettura di Veneza, onde Portugal foi representado pelo projeto Homeland, News from Portugal. A representa\u00e7\u00e3o portuguesa teve a curadoria de Pedro...","protected":false},"author":1,"featured_media":1330,"comment_status":"closed","ping_status":"closed","sticky":false,"template":"","format":"standard","meta":{"_acf_changed":false,"inline_featured_image":false,"footnotes":""},"categories":[162],"tags":[],"class_list":["post-1349","post","type-post","status-publish","format-standard","has-post-thumbnail","hentry","category-pagina-de-exposicao-passada-en","artistas-expostos-homeland"],"acf":[],"_links":{"self":[{"href":"https:\/\/antecamara-galeria.pt\/en\/wp-json\/wp\/v2\/posts\/1349","targetHints":{"allow":["GET"]}}],"collection":[{"href":"https:\/\/antecamara-galeria.pt\/en\/wp-json\/wp\/v2\/posts"}],"about":[{"href":"https:\/\/antecamara-galeria.pt\/en\/wp-json\/wp\/v2\/types\/post"}],"author":[{"embeddable":true,"href":"https:\/\/antecamara-galeria.pt\/en\/wp-json\/wp\/v2\/users\/1"}],"replies":[{"embeddable":true,"href":"https:\/\/antecamara-galeria.pt\/en\/wp-json\/wp\/v2\/comments?post=1349"}],"version-history":[{"count":0,"href":"https:\/\/antecamara-galeria.pt\/en\/wp-json\/wp\/v2\/posts\/1349\/revisions"}],"wp:featuredmedia":[{"embeddable":true,"href":"https:\/\/antecamara-galeria.pt\/en\/wp-json\/wp\/v2\/media\/1330"}],"wp:attachment":[{"href":"https:\/\/antecamara-galeria.pt\/en\/wp-json\/wp\/v2\/media?parent=1349"}],"wp:term":[{"taxonomy":"category","embeddable":true,"href":"https:\/\/antecamara-galeria.pt\/en\/wp-json\/wp\/v2\/categories?post=1349"},{"taxonomy":"post_tag","embeddable":true,"href":"https:\/\/antecamara-galeria.pt\/en\/wp-json\/wp\/v2\/tags?post=1349"}],"curies":[{"name":"wp","href":"https:\/\/api.w.org\/{rel}","templated":true}]}}